{"id":5708,"date":"2022-09-06T05:52:22","date_gmt":"2022-09-06T10:52:22","guid":{"rendered":"https:\/\/www.elamazonico.com\/portal\/?p=5708"},"modified":"2022-09-06T05:53:01","modified_gmt":"2022-09-06T10:53:01","slug":"comision-actualiza-informacion-sobre-eventual-venta-del-banco-del-pacifico","status":"publish","type":"post","link":"https:\/\/www.elamazonico.com\/portal\/comision-actualiza-informacion-sobre-eventual-venta-del-banco-del-pacifico\/","title":{"rendered":"Comisi\u00f3n actualiza informaci\u00f3n sobre eventual venta del Banco del Pac\u00edfico"},"content":{"rendered":"\n<p>La Comisi\u00f3n de R\u00e9gimen Econ\u00f3mico actualiza la informaci\u00f3n financiera para elaborar el segundo informe trimestral sobre la valorizaci\u00f3n, desinversi\u00f3n y eventual venta del Banco del Pac\u00edfico, con la presencia de autoridades de la Corporaci\u00f3n Financiera Nacional, quienes solicitaron que la reuni\u00f3n se la realice de forma reservada, aspecto que fue acogido por la mesa legislativa, de conformidad con lo que determina el art\u00edculo 151 de la Ley Org\u00e1nica de la Funci\u00f3n Legislativa.<\/p>\n\n\n\n<p>En esta oportunidad, el \u00f3rgano parlamentario cit\u00f3 al presidente del Directorio de la Corporaci\u00f3n Financiera Nacional, Iv\u00e1n Andrade, para que presente informaci\u00f3n sobre los estudios de valoraci\u00f3n del Banco del Pac\u00edfico realizados en los \u00faltimos 5 a\u00f1os y las entidades responsables de su elaboraci\u00f3n; valores ofrecidos para la compra del banco; mecanismos para el proceso de venta, avances y estado actual del mismo, entre otros aspectos.<\/p>\n\n\n\n<p>La asamble\u00edsta Ana Herrera, quien presidi\u00f3 la sesi\u00f3n, record\u00f3 que el Pleno del Parlamento deleg\u00f3 a la Comisi\u00f3n de R\u00e9gimen Econ\u00f3mico que realice este proceso de fiscalizaci\u00f3n.<\/p>\n","protected":false},"excerpt":{"rendered":"<p>La Comisi\u00f3n de R\u00e9gimen Econ\u00f3mico actualiza la informaci\u00f3n financiera para elaborar el segundo informe trimestral sobre la valorizaci\u00f3n, desinversi\u00f3n y eventual venta del Banco del Pac\u00edfico, con la presencia de autoridades de la Corporaci\u00f3n Financiera Nacional, quienes solicitaron que la reuni\u00f3n se la realice de forma reservada, aspecto que fue acogido por la mesa legislativa, de conformidad con lo que determina el art\u00edculo 151 de la Ley Org\u00e1nica de la Funci\u00f3n Legislativa. En esta oportunidad, el \u00f3rgano parlamentario cit\u00f3 al presidente del Directorio de la Corporaci\u00f3n Financiera Nacional, Iv\u00e1n Andrade, para que presente informaci\u00f3n sobre los estudios de valoraci\u00f3n del Banco del Pac\u00edfico realizados en los \u00faltimos 5 a\u00f1os y las entidades responsables de su elaboraci\u00f3n; valores ofrecidos para la compra del banco; mecanismos para el proceso de venta, avances y estado actual del mismo, entre otros aspectos. La asamble\u00edsta Ana Herrera, quien presidi\u00f3 la sesi\u00f3n, record\u00f3 que el Pleno del Parlamento deleg\u00f3 a la Comisi\u00f3n de R\u00e9gimen Econ\u00f3mico que realice este proceso de fiscalizaci\u00f3n.<\/p>\n","protected":false},"author":1,"featured_media":5709,"comment_status":"open","ping_status":"open","sticky":false,"template":"","format":"standard","meta":{"footnotes":""},"categories":[268],"tags":[],"class_list":["post-5708","post","type-post","status-publish","format-standard","has-post-thumbnail","hentry","category-nacionales"],"_links":{"self":[{"href":"https:\/\/www.elamazonico.com\/portal\/wp-json\/wp\/v2\/posts\/5708","targetHints":{"allow":["GET"]}}],"collection":[{"href":"https:\/\/www.elamazonico.com\/portal\/wp-json\/wp\/v2\/posts"}],"about":[{"href":"https:\/\/www.elamazonico.com\/portal\/wp-json\/wp\/v2\/types\/post"}],"author":[{"embeddable":true,"href":"https:\/\/www.elamazonico.com\/portal\/wp-json\/wp\/v2\/users\/1"}],"replies":[{"embeddable":true,"href":"https:\/\/www.elamazonico.com\/portal\/wp-json\/wp\/v2\/comments?post=5708"}],"version-history":[{"count":1,"href":"https:\/\/www.elamazonico.com\/portal\/wp-json\/wp\/v2\/posts\/5708\/revisions"}],"predecessor-version":[{"id":5710,"href":"https:\/\/www.elamazonico.com\/portal\/wp-json\/wp\/v2\/posts\/5708\/revisions\/5710"}],"wp:featuredmedia":[{"embeddable":true,"href":"https:\/\/www.elamazonico.com\/portal\/wp-json\/wp\/v2\/media\/5709"}],"wp:attachment":[{"href":"https:\/\/www.elamazonico.com\/portal\/wp-json\/wp\/v2\/media?parent=5708"}],"wp:term":[{"taxonomy":"category","embeddable":true,"href":"https:\/\/www.elamazonico.com\/portal\/wp-json\/wp\/v2\/categories?post=5708"},{"taxonomy":"post_tag","embeddable":true,"href":"https:\/\/www.elamazonico.com\/portal\/wp-json\/wp\/v2\/tags?post=5708"}],"curies":[{"name":"wp","href":"https:\/\/api.w.org\/{rel}","templated":true}]}}