{"id":5699,"date":"2022-09-05T09:43:37","date_gmt":"2022-09-05T14:43:37","guid":{"rendered":"https:\/\/www.elamazonico.com\/portal\/?p=5699"},"modified":"2022-09-05T09:44:09","modified_gmt":"2022-09-05T14:44:09","slug":"la-consulta-popular-propuesta-por-el-gobierno-podria-tener-un-total-de-10-a-12-preguntas","status":"publish","type":"post","link":"https:\/\/www.elamazonico.com\/portal\/la-consulta-popular-propuesta-por-el-gobierno-podria-tener-un-total-de-10-a-12-preguntas\/","title":{"rendered":"La Consulta Popular, propuesta por el Gobierno, podr\u00eda tener un total de 10 a 12 preguntas"},"content":{"rendered":"\n<p>En entrevista para la cadena televisiva RTS, el ministro de Gobierno, Francisco Jim\u00e9nez, detall\u00f3 los avances del Ejecutivo en lo concerniente a la Consulta Popular. El funcionario habl\u00f3 de la estructura de esta propuesta y adelant\u00f3 que al menos 4 preguntas plantear\u00e1n temas de seguridad, la segunda arista que ser\u00e1 la institucionalidad y finalmente habr\u00e1 preguntas de naturaleza econ\u00f3mica, un total de 10 a 12 preguntas.<\/p>\n\n\n\n<p>\u201cEl pa\u00eds necesita estabilidad, institucionalidad, requiere que sus autoridades completen sus periodos, es la manera que el pa\u00eds logre implementar pol\u00edticas p\u00fablicas. Tenemos que generar herramientas, cambiar procesos, el rol de la Corte Constitucional, es fundamental\u201d, sostuvo Jim\u00e9nez.<\/p>\n\n\n\n<figure class=\"wp-block-embed is-type-rich is-provider-twitter wp-block-embed-twitter\"><div class=\"wp-block-embed__wrapper\">\n<blockquote class=\"twitter-tweet\" data-width=\"550\" data-dnt=\"true\"><p lang=\"es\" dir=\"ltr\">&quot;Hoy contamos con un documento de aprox. 400 p\u00e1ginas, alrededor de 3 tem\u00e1ticas, de 10 a 12 preguntas y que est\u00e1 en condiciones de permitir una consulta directa, sencilla, clara y democr\u00e1tica al pueblo ecuatoriano&quot; indic\u00f3 <a href=\"https:\/\/twitter.com\/panchojimenezs?ref_src=twsrc%5Etfw\">@panchojimenezs<\/a> sobre la <a href=\"https:\/\/twitter.com\/hashtag\/ConsultaPopular?src=hash&amp;ref_src=twsrc%5Etfw\">#ConsultaPopular<\/a> en <a href=\"https:\/\/twitter.com\/RTSEcuador?ref_src=twsrc%5Etfw\">@RTSEcuador<\/a> <a href=\"https:\/\/t.co\/ihQotvl30N\">pic.twitter.com\/ihQotvl30N<\/a><\/p>&mdash; Ministerio de Gobierno Ecuador (@MinGobiernoEc) <a href=\"https:\/\/twitter.com\/MinGobiernoEc\/status\/1566789525724168192?ref_src=twsrc%5Etfw\">September 5, 2022<\/a><\/blockquote><script async src=\"https:\/\/platform.twitter.com\/widgets.js\" charset=\"utf-8\"><\/script>\n<\/div><\/figure>\n\n\n\n<p>En el di\u00e1logo, el Ministro de Gobierno se refiri\u00f3 a las mesas de di\u00e1logo con las Organizaciones Ind\u00edgenas y asegur\u00f3 que esto refleja un hito hist\u00f3rico, en el que varios ministros participan. Inform\u00f3 que en la mesa de Banca P\u00fablica y Privada se ha conseguido alrededor de USD 400 millones en beneficios y alivio econ\u00f3mico para las familias del pa\u00eds.<\/p>\n\n\n\n<p>\u201cLos di\u00e1logos avanzan, los hechos violentos que paralizaron al pa\u00eds no se pueden repetir, queremos solucionar los problemas de los ecuatorianos en un proceso de di\u00e1logo responsable y con resultados. En las mesas llevamos un estudio t\u00e9cnico, tenemos una metodolog\u00eda\u201d, asever\u00f3 el secretario de Estado.<\/p>\n\n\n\n<p>Finalmente, Jim\u00e9nez repudi\u00f3 el atentado del que fue v\u00edctima el asamble\u00edsta Fernando Villavicencio y se\u00f1al\u00f3 que estos actos de amedrentamiento pol\u00edtico deben ser investigados cuando antes. Fuente: El Tel\u00e9grafo<\/p>\n\n\n\n<figure class=\"wp-block-embed is-type-rich is-provider-twitter wp-block-embed-twitter\"><div class=\"wp-block-embed__wrapper\">\n<blockquote class=\"twitter-tweet\" data-width=\"550\" data-dnt=\"true\"><p lang=\"es\" dir=\"ltr\">La gesti\u00f3n p\u00fablica se intensificar\u00e1 en el cuatrimestre que acaba de empezar \u25ba <a href=\"https:\/\/t.co\/8HJtWqWCul\">https:\/\/t.co\/8HJtWqWCul<\/a> <a href=\"https:\/\/t.co\/f1NL2xs3lP\">pic.twitter.com\/f1NL2xs3lP<\/a><\/p>&mdash; El Tel\u00e9grafo Ecuador (@el_telegrafo) <a href=\"https:\/\/twitter.com\/el_telegrafo\/status\/1566761191321600002?ref_src=twsrc%5Etfw\">September 5, 2022<\/a><\/blockquote><script async src=\"https:\/\/platform.twitter.com\/widgets.js\" charset=\"utf-8\"><\/script>\n<\/div><\/figure>\n\n\n\n<p><\/p>\n","protected":false},"excerpt":{"rendered":"<p>En entrevista para la cadena televisiva RTS, el ministro de Gobierno, Francisco Jim\u00e9nez, detall\u00f3 los avances del Ejecutivo en lo concerniente a la Consulta Popular. El funcionario habl\u00f3 de la estructura de esta propuesta y adelant\u00f3 que al menos 4 preguntas plantear\u00e1n temas de seguridad, la segunda arista que ser\u00e1 la institucionalidad y finalmente habr\u00e1 preguntas de naturaleza econ\u00f3mica, un total de 10 a 12 preguntas. \u201cEl pa\u00eds necesita estabilidad, institucionalidad, requiere que sus autoridades completen sus periodos, es la manera que el pa\u00eds logre implementar pol\u00edticas p\u00fablicas. Tenemos que generar herramientas, cambiar procesos, el rol de la Corte Constitucional, es fundamental\u201d, sostuvo Jim\u00e9nez. En el di\u00e1logo, el Ministro de Gobierno se refiri\u00f3 a las mesas de di\u00e1logo con las Organizaciones Ind\u00edgenas y asegur\u00f3 que esto refleja un hito hist\u00f3rico, en el que varios ministros participan. Inform\u00f3 que en la mesa de Banca P\u00fablica y Privada se ha conseguido alrededor de USD 400 millones en beneficios y alivio econ\u00f3mico para las familias del pa\u00eds. \u201cLos di\u00e1logos avanzan, los hechos violentos que paralizaron al pa\u00eds no se pueden repetir, queremos solucionar los problemas de los ecuatorianos en un proceso de di\u00e1logo responsable y con resultados. En las mesas llevamos un estudio t\u00e9cnico, tenemos una metodolog\u00eda\u201d, asever\u00f3 el secretario de Estado. Finalmente, Jim\u00e9nez repudi\u00f3 el atentado del que fue v\u00edctima el asamble\u00edsta Fernando Villavicencio y se\u00f1al\u00f3 que estos actos de amedrentamiento pol\u00edtico deben ser investigados cuando antes. Fuente: El Tel\u00e9grafo<\/p>\n","protected":false},"author":1,"featured_media":5700,"comment_status":"open","ping_status":"open","sticky":false,"template":"","format":"standard","meta":{"footnotes":""},"categories":[268],"tags":[],"class_list":["post-5699","post","type-post","status-publish","format-standard","has-post-thumbnail","hentry","category-nacionales"],"_links":{"self":[{"href":"https:\/\/www.elamazonico.com\/portal\/wp-json\/wp\/v2\/posts\/5699","targetHints":{"allow":["GET"]}}],"collection":[{"href":"https:\/\/www.elamazonico.com\/portal\/wp-json\/wp\/v2\/posts"}],"about":[{"href":"https:\/\/www.elamazonico.com\/portal\/wp-json\/wp\/v2\/types\/post"}],"author":[{"embeddable":true,"href":"https:\/\/www.elamazonico.com\/portal\/wp-json\/wp\/v2\/users\/1"}],"replies":[{"embeddable":true,"href":"https:\/\/www.elamazonico.com\/portal\/wp-json\/wp\/v2\/comments?post=5699"}],"version-history":[{"count":1,"href":"https:\/\/www.elamazonico.com\/portal\/wp-json\/wp\/v2\/posts\/5699\/revisions"}],"predecessor-version":[{"id":5701,"href":"https:\/\/www.elamazonico.com\/portal\/wp-json\/wp\/v2\/posts\/5699\/revisions\/5701"}],"wp:featuredmedia":[{"embeddable":true,"href":"https:\/\/www.elamazonico.com\/portal\/wp-json\/wp\/v2\/media\/5700"}],"wp:attachment":[{"href":"https:\/\/www.elamazonico.com\/portal\/wp-json\/wp\/v2\/media?parent=5699"}],"wp:term":[{"taxonomy":"category","embeddable":true,"href":"https:\/\/www.elamazonico.com\/portal\/wp-json\/wp\/v2\/categories?post=5699"},{"taxonomy":"post_tag","embeddable":true,"href":"https:\/\/www.elamazonico.com\/portal\/wp-json\/wp\/v2\/tags?post=5699"}],"curies":[{"name":"wp","href":"https:\/\/api.w.org\/{rel}","templated":true}]}}