{"id":5693,"date":"2022-09-05T09:11:27","date_gmt":"2022-09-05T14:11:27","guid":{"rendered":"https:\/\/www.elamazonico.com\/portal\/?p=5693"},"modified":"2022-09-05T09:12:06","modified_gmt":"2022-09-05T14:12:06","slug":"la-consulta-popular-no-es-la-via-para-reformar-la-constitucion","status":"publish","type":"post","link":"https:\/\/www.elamazonico.com\/portal\/la-consulta-popular-no-es-la-via-para-reformar-la-constitucion\/","title":{"rendered":"La consulta popular no es la v\u00eda para reformar la Constituci\u00f3n"},"content":{"rendered":"\n<p>Carlos de Tomaso, constitucionalista, al comentar el anuncio a una consulta popular de parte del Ejecutivo, explic\u00f3 que el presidente de la Rep\u00fablica deber\u00e1 tomar la decisi\u00f3n de qu\u00e9 mecanismo usar para acometer las reformas constitucionales. De Tomaso refiri\u00f3 que, si el camino elegido para este prop\u00f3sito es la consulta popular, este est\u00e1 autom\u00e1ticamente vetado para todo tipo de modificaci\u00f3n constitucional. \u201cLa Corte Constitucional, no en uno, en varios dict\u00e1menes ha dicho que la consulta popular establecida en el art\u00edculo 104 de la Carta Magna, no es un mecanismo para reformar ninguna parte de la Constituci\u00f3n\u201d.<\/p>\n\n\n\n<p>\u201cLos cambios estructurales est\u00e1n en modificar la Constituci\u00f3n, y la consulta popular no es la v\u00eda\u201d, sentenci\u00f3. Ecuavisa\/jtr POR: Ecuador en vivo<\/p>\n","protected":false},"excerpt":{"rendered":"<p>Carlos de Tomaso, constitucionalista, al comentar el anuncio a una consulta popular de parte del Ejecutivo, explic\u00f3 que el presidente de la Rep\u00fablica deber\u00e1 tomar la decisi\u00f3n de qu\u00e9 mecanismo usar para acometer las reformas constitucionales. De Tomaso refiri\u00f3 que, si el camino elegido para este prop\u00f3sito es la consulta popular, este est\u00e1 autom\u00e1ticamente vetado para todo tipo de modificaci\u00f3n constitucional. \u201cLa Corte Constitucional, no en uno, en varios dict\u00e1menes ha dicho que la consulta popular establecida en el art\u00edculo 104 de la Carta Magna, no es un mecanismo para reformar ninguna parte de la Constituci\u00f3n\u201d. \u201cLos cambios estructurales est\u00e1n en modificar la Constituci\u00f3n, y la consulta popular no es la v\u00eda\u201d, sentenci\u00f3. Ecuavisa\/jtr POR: Ecuador en vivo<\/p>\n","protected":false},"author":1,"featured_media":5694,"comment_status":"open","ping_status":"open","sticky":false,"template":"","format":"standard","meta":{"footnotes":""},"categories":[268],"tags":[],"class_list":["post-5693","post","type-post","status-publish","format-standard","has-post-thumbnail","hentry","category-nacionales"],"_links":{"self":[{"href":"https:\/\/www.elamazonico.com\/portal\/wp-json\/wp\/v2\/posts\/5693","targetHints":{"allow":["GET"]}}],"collection":[{"href":"https:\/\/www.elamazonico.com\/portal\/wp-json\/wp\/v2\/posts"}],"about":[{"href":"https:\/\/www.elamazonico.com\/portal\/wp-json\/wp\/v2\/types\/post"}],"author":[{"embeddable":true,"href":"https:\/\/www.elamazonico.com\/portal\/wp-json\/wp\/v2\/users\/1"}],"replies":[{"embeddable":true,"href":"https:\/\/www.elamazonico.com\/portal\/wp-json\/wp\/v2\/comments?post=5693"}],"version-history":[{"count":1,"href":"https:\/\/www.elamazonico.com\/portal\/wp-json\/wp\/v2\/posts\/5693\/revisions"}],"predecessor-version":[{"id":5695,"href":"https:\/\/www.elamazonico.com\/portal\/wp-json\/wp\/v2\/posts\/5693\/revisions\/5695"}],"wp:featuredmedia":[{"embeddable":true,"href":"https:\/\/www.elamazonico.com\/portal\/wp-json\/wp\/v2\/media\/5694"}],"wp:attachment":[{"href":"https:\/\/www.elamazonico.com\/portal\/wp-json\/wp\/v2\/media?parent=5693"}],"wp:term":[{"taxonomy":"category","embeddable":true,"href":"https:\/\/www.elamazonico.com\/portal\/wp-json\/wp\/v2\/categories?post=5693"},{"taxonomy":"post_tag","embeddable":true,"href":"https:\/\/www.elamazonico.com\/portal\/wp-json\/wp\/v2\/tags?post=5693"}],"curies":[{"name":"wp","href":"https:\/\/api.w.org\/{rel}","templated":true}]}}