{"id":5690,"date":"2022-09-05T09:03:38","date_gmt":"2022-09-05T14:03:38","guid":{"rendered":"https:\/\/www.elamazonico.com\/portal\/?p=5690"},"modified":"2022-09-05T09:04:14","modified_gmt":"2022-09-05T14:04:14","slug":"las-redes-sociales-no-pueden-ser-consideradas-como-campana-electoral","status":"publish","type":"post","link":"https:\/\/www.elamazonico.com\/portal\/las-redes-sociales-no-pueden-ser-consideradas-como-campana-electoral\/","title":{"rendered":"&#8216;Las redes sociales no pueden ser consideradas como campa\u00f1a electoral&#8217;"},"content":{"rendered":"\n<p>El Calendario Electoral est\u00e1 definido para las elecciones del 5 de febrero establece las fechas y etapas a cumplirse. En este momento nos encontramos en la inscripci\u00f3n de candidaturas, que inici\u00f3 el 22 de agosto y culminar\u00e1 el 20 de septiembre. As\u00ed lo inform\u00f3 Enrique Pita, vicepresidente del CNE.<\/p>\n\n\n\n<p>\u00abInternamente estamos prepar\u00e1ndonos para la selecci\u00f3n de los Miembros de las Juntas Receptoras del Voto de las Elecciones, quienes ser\u00e1n capacitados por el CNE para los pr\u00f3ximos comicios\u00bb, apunt\u00f3 en Vera A Su Manera.&nbsp;<\/p>\n\n\n\n<p>Sobre el Voto Telem\u00e1tico, el CNE precisa que en las elecciones este se realizar\u00e1 en zonas determinadas en el exterior.<\/p>\n\n\n\n<p>\u00abNuestros limites est\u00e1n establecidos en el C\u00f3digo Democracia y lo que podemos hacer lo define la Ley\u00bb, indica el Pita, respecto al control del gasto en el marco de la campa\u00f1a electoral.<\/p>\n\n\n\n<p>Menciona que, el&nbsp;C\u00f3digo de la Democracia, establece claramente que redes sociales no pueden ser consideradas como campa\u00f1a electoral.&nbsp;<\/p>\n\n\n\n<p>Por otro lado, explic\u00f3 que si la consulta es de inter\u00e9s del Gobierno, \u201ccumple con los plazos que est\u00e1n determinados en la ley y tendr\u00edamos que hacerlo antes, estar\u00edamos obligados a hacerlo\u00bb. Fuente: Ecuador en vivo<\/p>\n","protected":false},"excerpt":{"rendered":"<p>El Calendario Electoral est\u00e1 definido para las elecciones del 5 de febrero establece las fechas y etapas a cumplirse. En este momento nos encontramos en la inscripci\u00f3n de candidaturas, que inici\u00f3 el 22 de agosto y culminar\u00e1 el 20 de septiembre. As\u00ed lo inform\u00f3 Enrique Pita, vicepresidente del CNE. \u00abInternamente estamos prepar\u00e1ndonos para la selecci\u00f3n de los Miembros de las Juntas Receptoras del Voto de las Elecciones, quienes ser\u00e1n capacitados por el CNE para los pr\u00f3ximos comicios\u00bb, apunt\u00f3 en Vera A Su Manera.&nbsp; Sobre el Voto Telem\u00e1tico, el CNE precisa que en las elecciones este se realizar\u00e1 en zonas determinadas en el exterior. \u00abNuestros limites est\u00e1n establecidos en el C\u00f3digo Democracia y lo que podemos hacer lo define la Ley\u00bb, indica el Pita, respecto al control del gasto en el marco de la campa\u00f1a electoral. Menciona que, el&nbsp;C\u00f3digo de la Democracia, establece claramente que redes sociales no pueden ser consideradas como campa\u00f1a electoral.&nbsp; Por otro lado, explic\u00f3 que si la consulta es de inter\u00e9s del Gobierno, \u201ccumple con los plazos que est\u00e1n determinados en la ley y tendr\u00edamos que hacerlo antes, estar\u00edamos obligados a hacerlo\u00bb. Fuente: Ecuador en vivo<\/p>\n","protected":false},"author":1,"featured_media":5691,"comment_status":"open","ping_status":"open","sticky":false,"template":"","format":"standard","meta":{"footnotes":""},"categories":[268],"tags":[],"class_list":["post-5690","post","type-post","status-publish","format-standard","has-post-thumbnail","hentry","category-nacionales"],"_links":{"self":[{"href":"https:\/\/www.elamazonico.com\/portal\/wp-json\/wp\/v2\/posts\/5690","targetHints":{"allow":["GET"]}}],"collection":[{"href":"https:\/\/www.elamazonico.com\/portal\/wp-json\/wp\/v2\/posts"}],"about":[{"href":"https:\/\/www.elamazonico.com\/portal\/wp-json\/wp\/v2\/types\/post"}],"author":[{"embeddable":true,"href":"https:\/\/www.elamazonico.com\/portal\/wp-json\/wp\/v2\/users\/1"}],"replies":[{"embeddable":true,"href":"https:\/\/www.elamazonico.com\/portal\/wp-json\/wp\/v2\/comments?post=5690"}],"version-history":[{"count":1,"href":"https:\/\/www.elamazonico.com\/portal\/wp-json\/wp\/v2\/posts\/5690\/revisions"}],"predecessor-version":[{"id":5692,"href":"https:\/\/www.elamazonico.com\/portal\/wp-json\/wp\/v2\/posts\/5690\/revisions\/5692"}],"wp:featuredmedia":[{"embeddable":true,"href":"https:\/\/www.elamazonico.com\/portal\/wp-json\/wp\/v2\/media\/5691"}],"wp:attachment":[{"href":"https:\/\/www.elamazonico.com\/portal\/wp-json\/wp\/v2\/media?parent=5690"}],"wp:term":[{"taxonomy":"category","embeddable":true,"href":"https:\/\/www.elamazonico.com\/portal\/wp-json\/wp\/v2\/categories?post=5690"},{"taxonomy":"post_tag","embeddable":true,"href":"https:\/\/www.elamazonico.com\/portal\/wp-json\/wp\/v2\/tags?post=5690"}],"curies":[{"name":"wp","href":"https:\/\/api.w.org\/{rel}","templated":true}]}}