{"id":5651,"date":"2022-09-02T05:59:49","date_gmt":"2022-09-02T10:59:49","guid":{"rendered":"https:\/\/www.elamazonico.com\/portal\/?p=5651"},"modified":"2022-09-02T06:02:36","modified_gmt":"2022-09-02T11:02:36","slug":"intentaron-disparar-en-contra-de-cristina-fernandez","status":"publish","type":"post","link":"https:\/\/www.elamazonico.com\/portal\/intentaron-disparar-en-contra-de-cristina-fernandez\/","title":{"rendered":"Intentaron disparar en contra de Cristina Fern\u00e1ndez"},"content":{"rendered":"\n<p>VIDEO | Un sujeto fue detenido con una pistola esta noche a metros de Cristina Kirchner cuando la vicepresidenta se acercaba a saludar a la militancia que la aguardaba frente a su domicilio en el barrio de Recoleta. Seg\u00fan el Gobierno, el hombre estaba armado.<\/p>\n\n\n\n<p>El ministro de Seguridad de la Naci\u00f3n, An\u00edbal Fern\u00e1ndez, le confirm\u00f3 a Clar\u00edn que la persona retenida portaba una pistola. Se tratar\u00eda de un hombre de 35 a\u00f1os de nacionalidad brasile\u00f1a con antecedentes por portaci\u00f3n de arma, que ya hab\u00eda sido detenido en marzo.<\/p>\n\n\n\n<p>Interviene la jueza Mar\u00eda Eugenia Capuchetti.\u200b<\/p>\n\n\n\n<p>En las im\u00e1genes captadas por los distintos canales de noticias se observa c\u00f3mo la custodia de la vicepresidenta junto a militantes retiene al hombre detr\u00e1s del vallado humano, a la par que Cristina Kirchner saludaba a las personas all\u00ed presentes.<\/p>\n\n\n\n<p>En un momento, la vicepresidenta se agacha y se suceden golpes entre custodios y gente que rodean la escena.<\/p>\n\n\n\n<p>En declaraciones a C5N el ministro de Seguridad An\u00edbal Fern\u00e1ndez indic\u00f3 que la persona fue detenida y el arma ya est\u00e1 en manos de la polic\u00eda. \u00abAhora tiene que ser analizada la situaci\u00f3n por nuestra gente de Cient\u00edfica como para evaluar las huellas y la capacidad y la disposici\u00f3n que ten\u00eda esta persona\u00bb, indic\u00f3.<\/p>\n\n\n\n<p>Incidentes en Recoleta<br>Este mi\u00e9rcoles un repartidor de comida fue detenido por la Polic\u00eda Federal cuando pasaba por la puerta de la casa de Cristina Kirchner e insult\u00f3 tanto a la vicepresidenta como a los militantes K congregados en la puerta del domicilio.<\/p>\n\n\n\n<p>Seg\u00fan se pudo observar a trav\u00e9s de los medios televisivos que hac\u00edan guardia en el lugar, un trabajador de una aplicaci\u00f3n de delivery lanz\u00f3 al pasar un insulto, ante la presencia de los seguidores que contin\u00faan con la vigilia en el domicilio de la vicepresidenta. \u00abCristina la c&#8230; de tu madre\u00bb, se oy\u00f3 claramente, debido a la magnitud del grito.<\/p>\n\n\n\n<p>La situaci\u00f3n sorprendi\u00f3 a los manifestantes K que estaban en el lugar y su reprobaci\u00f3n termin\u00f3 de ponerse de manifiesto cuando el ciclista levant\u00f3 sus dos brazos, como dedic\u00e1ndoles un gesto.<\/p>\n\n\n\n<p>Metros despu\u00e9s, alguien apareci\u00f3 desde un costado, al parecer desde la vereda, y se interpuso en el camino y agredi\u00f3 al trabajador, quien cruz\u00f3 la calle y dej\u00f3 su veh\u00edculo sobre el suelo, para dar inicio a la parte m\u00e1s caliente de la pelea.<\/p>\n\n\n\n<p>Mientras agentes policiales que estaban en el lugar se dirig\u00edan a su posici\u00f3n, el joven pareci\u00f3 buscar algo dentro de su caja de reparto y volvi\u00f3 a cruzar r\u00e1pidamente la calle para entregar una respuesta hacia su agresor.<\/p>\n\n\n\n<p>Sin embargo, r\u00e1pidamente fue reducido y se puso fin a la situaci\u00f3n de violencia. Al lugar se desplaz\u00f3 el oficial superior de investigaciones y de intervenciones judiciales<\/p>\n\n\n\n<p>Un repartidor de comida fue detenido por la Polic\u00eda Federal cuando en la noche de este mi\u00e9rcoles pasaba por la puerta de la casa de Cristina Kirchner en el barrio de Recoleta e insult\u00f3 tanto a la vicepresidenta como a los militantes K congregados en la puerta del domicilio<strong>. (clarin.com)<\/strong><\/p>\n\n\n\n<figure class=\"wp-block-embed is-type-rich is-provider-twitter wp-block-embed-twitter\"><div class=\"wp-block-embed__wrapper\">\n<blockquote class=\"twitter-tweet\" data-width=\"550\" data-dnt=\"true\"><p lang=\"es\" dir=\"ltr\">El momento en el que intentan dispararle a Cristina Kirchner. <a href=\"https:\/\/t.co\/weIehFRUy3\">pic.twitter.com\/weIehFRUy3<\/a><\/p>&mdash; Agust\u00edn Antonetti (@agusantonetti) <a href=\"https:\/\/twitter.com\/agusantonetti\/status\/1565508473542123521?ref_src=twsrc%5Etfw\">September 2, 2022<\/a><\/blockquote><script async src=\"https:\/\/platform.twitter.com\/widgets.js\" charset=\"utf-8\"><\/script>\n<\/div><\/figure>\n","protected":false},"excerpt":{"rendered":"<p>VIDEO | Un sujeto fue detenido con una pistola esta noche a metros de Cristina Kirchner cuando la vicepresidenta se acercaba a saludar a la militancia que la aguardaba frente a su domicilio en el barrio de Recoleta. Seg\u00fan el Gobierno, el hombre estaba armado. El ministro de Seguridad de la Naci\u00f3n, An\u00edbal Fern\u00e1ndez, le confirm\u00f3 a Clar\u00edn que la persona retenida portaba una pistola. Se tratar\u00eda de un hombre de 35 a\u00f1os de nacionalidad brasile\u00f1a con antecedentes por portaci\u00f3n de arma, que ya hab\u00eda sido detenido en marzo. Interviene la jueza Mar\u00eda Eugenia Capuchetti.\u200b En las im\u00e1genes captadas por los distintos canales de noticias se observa c\u00f3mo la custodia de la vicepresidenta junto a militantes retiene al hombre detr\u00e1s del vallado humano, a la par que Cristina Kirchner saludaba a las personas all\u00ed presentes. En un momento, la vicepresidenta se agacha y se suceden golpes entre custodios y gente que rodean la escena. En declaraciones a C5N el ministro de Seguridad An\u00edbal Fern\u00e1ndez indic\u00f3 que la persona fue detenida y el arma ya est\u00e1 en manos de la polic\u00eda. \u00abAhora tiene que ser analizada la situaci\u00f3n por nuestra gente de Cient\u00edfica como para evaluar las huellas y la capacidad y la disposici\u00f3n que ten\u00eda esta persona\u00bb, indic\u00f3. Incidentes en RecoletaEste mi\u00e9rcoles un repartidor de comida fue detenido por la Polic\u00eda Federal cuando pasaba por la puerta de la casa de Cristina Kirchner e insult\u00f3 tanto a la vicepresidenta como a los militantes K congregados en la puerta del domicilio. Seg\u00fan se pudo observar a trav\u00e9s de los medios televisivos que hac\u00edan guardia en el lugar, un trabajador de una aplicaci\u00f3n de delivery lanz\u00f3 al pasar un insulto, ante la presencia de los seguidores que contin\u00faan con la vigilia en el domicilio de la vicepresidenta. \u00abCristina la c&#8230; de tu madre\u00bb, se oy\u00f3 claramente, debido a la magnitud del grito. La situaci\u00f3n sorprendi\u00f3 a los manifestantes K que estaban en el lugar y su reprobaci\u00f3n termin\u00f3 de ponerse de manifiesto cuando el ciclista levant\u00f3 sus dos brazos, como dedic\u00e1ndoles un gesto. Metros despu\u00e9s, alguien apareci\u00f3 desde un costado, al parecer desde la vereda, y se interpuso en el camino y agredi\u00f3 al trabajador, quien cruz\u00f3 la calle y dej\u00f3 su veh\u00edculo sobre el suelo, para dar inicio a la parte m\u00e1s caliente de la pelea. Mientras agentes policiales que estaban en el lugar se dirig\u00edan a su posici\u00f3n, el joven pareci\u00f3 buscar algo dentro de su caja de reparto y volvi\u00f3 a cruzar r\u00e1pidamente la calle para entregar una respuesta hacia su agresor. Sin embargo, r\u00e1pidamente fue reducido y se puso fin a la situaci\u00f3n de violencia. Al lugar se desplaz\u00f3 el oficial superior de investigaciones y de intervenciones judiciales Un repartidor de comida fue detenido por la Polic\u00eda Federal cuando en la noche de este mi\u00e9rcoles pasaba por la puerta de la casa de Cristina Kirchner en el barrio de Recoleta e insult\u00f3 tanto a la vicepresidenta como a los militantes K congregados en la puerta del domicilio. (clarin.com)<\/p>\n","protected":false},"author":1,"featured_media":5653,"comment_status":"open","ping_status":"open","sticky":false,"template":"","format":"standard","meta":{"footnotes":""},"categories":[5],"tags":[],"class_list":["post-5651","post","type-post","status-publish","format-standard","has-post-thumbnail","hentry","category-internacionales"],"_links":{"self":[{"href":"https:\/\/www.elamazonico.com\/portal\/wp-json\/wp\/v2\/posts\/5651","targetHints":{"allow":["GET"]}}],"collection":[{"href":"https:\/\/www.elamazonico.com\/portal\/wp-json\/wp\/v2\/posts"}],"about":[{"href":"https:\/\/www.elamazonico.com\/portal\/wp-json\/wp\/v2\/types\/post"}],"author":[{"embeddable":true,"href":"https:\/\/www.elamazonico.com\/portal\/wp-json\/wp\/v2\/users\/1"}],"replies":[{"embeddable":true,"href":"https:\/\/www.elamazonico.com\/portal\/wp-json\/wp\/v2\/comments?post=5651"}],"version-history":[{"count":1,"href":"https:\/\/www.elamazonico.com\/portal\/wp-json\/wp\/v2\/posts\/5651\/revisions"}],"predecessor-version":[{"id":5655,"href":"https:\/\/www.elamazonico.com\/portal\/wp-json\/wp\/v2\/posts\/5651\/revisions\/5655"}],"wp:featuredmedia":[{"embeddable":true,"href":"https:\/\/www.elamazonico.com\/portal\/wp-json\/wp\/v2\/media\/5653"}],"wp:attachment":[{"href":"https:\/\/www.elamazonico.com\/portal\/wp-json\/wp\/v2\/media?parent=5651"}],"wp:term":[{"taxonomy":"category","embeddable":true,"href":"https:\/\/www.elamazonico.com\/portal\/wp-json\/wp\/v2\/categories?post=5651"},{"taxonomy":"post_tag","embeddable":true,"href":"https:\/\/www.elamazonico.com\/portal\/wp-json\/wp\/v2\/tags?post=5651"}],"curies":[{"name":"wp","href":"https:\/\/api.w.org\/{rel}","templated":true}]}}