{"id":5427,"date":"2022-08-16T10:17:51","date_gmt":"2022-08-16T15:17:51","guid":{"rendered":"https:\/\/www.elamazonico.com\/portal\/?p=5427"},"modified":"2022-08-16T10:17:55","modified_gmt":"2022-08-16T15:17:55","slug":"gad-el-pangui-inauguro-asfaltado-bordillos-y-alcantarillado-en-el-miassi","status":"publish","type":"post","link":"https:\/\/www.elamazonico.com\/portal\/gad-el-pangui-inauguro-asfaltado-bordillos-y-alcantarillado-en-el-miassi\/","title":{"rendered":"GAD El Pangui inaugur\u00f3 asfaltado, bordillos y alcantarillado en el Miassi"},"content":{"rendered":"\n<p>En el barrio El Miassi, de la parroquia El Guismi, con mucha alegr\u00eda ser realiz\u00f3 el acto de Entrega e Inauguraci\u00f3n del Asfaltado de la Avenida Principal del sector, as\u00ed como del Acceso a la Cancha Sint\u00e9tica, Bordillos y Construcci\u00f3n del Alcantarillado Pluvial, obras ejecutadas por el Gobierno Municipal de El Pangui. La inversi\u00f3n supera los USD. 320.000.<\/p>\n\n\n\n<p>Hubo m\u00fasica en vivo, bailes e intervenciones como parte de esta programaci\u00f3n donde particip\u00f3 la ciudadan\u00eda del barrio anfitri\u00f3n junto al alcalde Carlos Pun\u00edn, los concejales y m\u00e1s invitados.&nbsp;&nbsp;&nbsp;<\/p>\n\n\n\n<p>La jornada inici\u00f3 con la bienvenida de Macario Yuma, presidente pro-mejoras del barrio quien agradeci\u00f3 a las autoridades cantonales por la ejecuci\u00f3n del asfalto y las obras complementarias; acto seguido Narciso Fajardo en representaci\u00f3n de los moradores del sector tambi\u00e9n exterioriz\u00f3 la felicitaci\u00f3n por el compromiso de continuar con el desarrollo cantonal tambi\u00e9n solicit\u00f3 algunos trabajos para apoyo del deporte y la cultura.&nbsp;&nbsp;<\/p>\n\n\n\n<p>Rolando Segovia, en representaci\u00f3n de la C\u00e1mara Edilicia, con satisfacci\u00f3n mencion\u00f3 que la presente administraci\u00f3n municipal cumple con el sector rural, \u00abhemos tenido que enfrentar dif\u00edciles condiciones econ\u00f3micas a causa de los recortes presupuestarios y una pandemia (emergencia sanitaria) pero esto no ha impedido que cumplamos con lo ofrecido\u00bb resalt\u00f3, tambi\u00e9n hizo un llamado a la ciudadan\u00eda a disfrutar y a cuidar la obra.<\/p>\n\n\n\n<p>El acto de inauguraci\u00f3n estuvo a cargo de la primera autoridad cantonal Carlos Pun\u00edn, quien resalt\u00f3 la importancia de la obra en la vida de la gente de El Miassi, \u00abgracias a estos trabajos los habitantes del sector ya no sufrir\u00e1n por el polvo en el verano, ni pisar\u00e1n lodo en el invierno, hemos dado nuestra palabra y junto a los se\u00f1ores concejales la estamos cumpliendo\u00bb concluy\u00f3 el burgomaestre, acto seguido junto los invitados hizo el corte simb\u00f3lico de la cinta.<\/p>\n","protected":false},"excerpt":{"rendered":"<p>En el barrio El Miassi, de la parroquia El Guismi, con mucha alegr\u00eda ser realiz\u00f3 el acto de Entrega e Inauguraci\u00f3n del Asfaltado de la Avenida Principal del sector, as\u00ed como del Acceso a la Cancha Sint\u00e9tica, Bordillos y Construcci\u00f3n del Alcantarillado Pluvial, obras ejecutadas por el Gobierno Municipal de El Pangui. La inversi\u00f3n supera los USD. 320.000. Hubo m\u00fasica en vivo, bailes e intervenciones como parte de esta programaci\u00f3n donde particip\u00f3 la ciudadan\u00eda del barrio anfitri\u00f3n junto al alcalde Carlos Pun\u00edn, los concejales y m\u00e1s invitados.&nbsp;&nbsp;&nbsp; La jornada inici\u00f3 con la bienvenida de Macario Yuma, presidente pro-mejoras del barrio quien agradeci\u00f3 a las autoridades cantonales por la ejecuci\u00f3n del asfalto y las obras complementarias; acto seguido Narciso Fajardo en representaci\u00f3n de los moradores del sector tambi\u00e9n exterioriz\u00f3 la felicitaci\u00f3n por el compromiso de continuar con el desarrollo cantonal tambi\u00e9n solicit\u00f3 algunos trabajos para apoyo del deporte y la cultura.&nbsp;&nbsp; Rolando Segovia, en representaci\u00f3n de la C\u00e1mara Edilicia, con satisfacci\u00f3n mencion\u00f3 que la presente administraci\u00f3n municipal cumple con el sector rural, \u00abhemos tenido que enfrentar dif\u00edciles condiciones econ\u00f3micas a causa de los recortes presupuestarios y una pandemia (emergencia sanitaria) pero esto no ha impedido que cumplamos con lo ofrecido\u00bb resalt\u00f3, tambi\u00e9n hizo un llamado a la ciudadan\u00eda a disfrutar y a cuidar la obra. El acto de inauguraci\u00f3n estuvo a cargo de la primera autoridad cantonal Carlos Pun\u00edn, quien resalt\u00f3 la importancia de la obra en la vida de la gente de El Miassi, \u00abgracias a estos trabajos los habitantes del sector ya no sufrir\u00e1n por el polvo en el verano, ni pisar\u00e1n lodo en el invierno, hemos dado nuestra palabra y junto a los se\u00f1ores concejales la estamos cumpliendo\u00bb concluy\u00f3 el burgomaestre, acto seguido junto los invitados hizo el corte simb\u00f3lico de la cinta.<\/p>\n","protected":false},"author":1,"featured_media":5428,"comment_status":"open","ping_status":"open","sticky":false,"template":"","format":"standard","meta":{"footnotes":""},"categories":[243],"tags":[],"class_list":["post-5427","post","type-post","status-publish","format-standard","has-post-thumbnail","hentry","category-noticias-zamora"],"_links":{"self":[{"href":"https:\/\/www.elamazonico.com\/portal\/wp-json\/wp\/v2\/posts\/5427","targetHints":{"allow":["GET"]}}],"collection":[{"href":"https:\/\/www.elamazonico.com\/portal\/wp-json\/wp\/v2\/posts"}],"about":[{"href":"https:\/\/www.elamazonico.com\/portal\/wp-json\/wp\/v2\/types\/post"}],"author":[{"embeddable":true,"href":"https:\/\/www.elamazonico.com\/portal\/wp-json\/wp\/v2\/users\/1"}],"replies":[{"embeddable":true,"href":"https:\/\/www.elamazonico.com\/portal\/wp-json\/wp\/v2\/comments?post=5427"}],"version-history":[{"count":1,"href":"https:\/\/www.elamazonico.com\/portal\/wp-json\/wp\/v2\/posts\/5427\/revisions"}],"predecessor-version":[{"id":5429,"href":"https:\/\/www.elamazonico.com\/portal\/wp-json\/wp\/v2\/posts\/5427\/revisions\/5429"}],"wp:featuredmedia":[{"embeddable":true,"href":"https:\/\/www.elamazonico.com\/portal\/wp-json\/wp\/v2\/media\/5428"}],"wp:attachment":[{"href":"https:\/\/www.elamazonico.com\/portal\/wp-json\/wp\/v2\/media?parent=5427"}],"wp:term":[{"taxonomy":"category","embeddable":true,"href":"https:\/\/www.elamazonico.com\/portal\/wp-json\/wp\/v2\/categories?post=5427"},{"taxonomy":"post_tag","embeddable":true,"href":"https:\/\/www.elamazonico.com\/portal\/wp-json\/wp\/v2\/tags?post=5427"}],"curies":[{"name":"wp","href":"https:\/\/api.w.org\/{rel}","templated":true}]}}