{"id":5424,"date":"2022-08-16T08:00:12","date_gmt":"2022-08-16T13:00:12","guid":{"rendered":"https:\/\/www.elamazonico.com\/portal\/?p=5424"},"modified":"2022-08-16T08:00:17","modified_gmt":"2022-08-16T13:00:17","slug":"asambleista-enrriquez-y-unl-realizaron-conversatorio-sobre-reformas-a-la-loes","status":"publish","type":"post","link":"https:\/\/www.elamazonico.com\/portal\/asambleista-enrriquez-y-unl-realizaron-conversatorio-sobre-reformas-a-la-loes\/","title":{"rendered":"Asamble\u00edsta Enrr\u00edquez y UNL realizaron conversatorio sobre reformas a la LOES"},"content":{"rendered":"\n<p>El evento llevado a efecto este lunes 15 de agosto, sirvi\u00f3 para recoger las inquietudes y necesidades de los docentes, trabajadores y estudiantes la Universidad Nacional de Loja, de cara a la presentaci\u00f3n de observaciones finales a las reformas a la Ley Org\u00e1nica de Educaci\u00f3n Superior (LOES), para el segundo y definitivo debate en el Pleno de la Asamblea Nacional.<\/p>\n\n\n\n<p>La asamble\u00edsta por Zamora Chinchipe, Isabel Enrr\u00edquez, escuch\u00f3 y acogi\u00f3 cada una de las intervenciones que giraron en torno a la necesidad de que el Ejecutivo asigne el presupuesto justo a la educaci\u00f3n superior para poder garantizar calidad educativa mediante la implementaci\u00f3n de infraestructura, contrataci\u00f3n y formaci\u00f3n continua de la planta docente, tal como argument\u00f3 Dasna Cueva, representante estudiantil universitaria.<\/p>\n\n\n\n<p>La misma posici\u00f3n Mario S\u00e1nchez, representante de los docentes, al respecto de no permitir la&nbsp; reducci\u00f3n de presupuesto en educaci\u00f3n, incluso argument\u00f3 que <strong><em>\u201cel Estado ecuatoriano debe respetar la autonom\u00eda, caso contrario, las universidades perder\u00edan la raz\u00f3n de ser\u201d.<\/em><\/strong><\/p>\n\n\n\n<p>Enrr\u00edquez acogi\u00f3 estos y otros criterios como el de Diego Falcon\u00ed, representante de servidores administrativos, quien se refiri\u00f3 al respeto del cogobierno como parte sustancial de la autonom\u00eda universitaria, sumado a ello, que el Estado garantice el libre ingreso a la educaci\u00f3n superior.<\/p>\n\n\n\n<p>La Legisladora tambi\u00e9n puso en la mesa de discusi\u00f3n, la composici\u00f3n del Consejo de Educaci\u00f3n Superior y sus funciones, dejando bien en claro que su bancada Pachakutik defender\u00e1 mayor representaci\u00f3n estudiantil con voz y voto, adem\u00e1s de la necesidad de que este organismo (CES), regule a las universidades privadas, especialmente en lo referente a la imposici\u00f3n de valores por matr\u00edculas y pensiones.<\/p>\n\n\n\n<p><strong><em>Todas las propuestas y observaciones, han sido entregadas a Enrr\u00edquez para que a su vez, las entregue a la comisi\u00f3n de Educaci\u00f3n de la Asamblea Nacional, para que sean consideradas en el&nbsp; informe definitivo de las reformas a la LOES.<\/em><\/strong><strong><em><\/em><\/strong><\/p>\n","protected":false},"excerpt":{"rendered":"<p>El evento llevado a efecto este lunes 15 de agosto, sirvi\u00f3 para recoger las inquietudes y necesidades de los docentes, trabajadores y estudiantes la Universidad Nacional de Loja, de cara a la presentaci\u00f3n de observaciones finales a las reformas a la Ley Org\u00e1nica de Educaci\u00f3n Superior (LOES), para el segundo y definitivo debate en el Pleno de la Asamblea Nacional. La asamble\u00edsta por Zamora Chinchipe, Isabel Enrr\u00edquez, escuch\u00f3 y acogi\u00f3 cada una de las intervenciones que giraron en torno a la necesidad de que el Ejecutivo asigne el presupuesto justo a la educaci\u00f3n superior para poder garantizar calidad educativa mediante la implementaci\u00f3n de infraestructura, contrataci\u00f3n y formaci\u00f3n continua de la planta docente, tal como argument\u00f3 Dasna Cueva, representante estudiantil universitaria. La misma posici\u00f3n Mario S\u00e1nchez, representante de los docentes, al respecto de no permitir la&nbsp; reducci\u00f3n de presupuesto en educaci\u00f3n, incluso argument\u00f3 que \u201cel Estado ecuatoriano debe respetar la autonom\u00eda, caso contrario, las universidades perder\u00edan la raz\u00f3n de ser\u201d. Enrr\u00edquez acogi\u00f3 estos y otros criterios como el de Diego Falcon\u00ed, representante de servidores administrativos, quien se refiri\u00f3 al respeto del cogobierno como parte sustancial de la autonom\u00eda universitaria, sumado a ello, que el Estado garantice el libre ingreso a la educaci\u00f3n superior. La Legisladora tambi\u00e9n puso en la mesa de discusi\u00f3n, la composici\u00f3n del Consejo de Educaci\u00f3n Superior y sus funciones, dejando bien en claro que su bancada Pachakutik defender\u00e1 mayor representaci\u00f3n estudiantil con voz y voto, adem\u00e1s de la necesidad de que este organismo (CES), regule a las universidades privadas, especialmente en lo referente a la imposici\u00f3n de valores por matr\u00edculas y pensiones. Todas las propuestas y observaciones, han sido entregadas a Enrr\u00edquez para que a su vez, las entregue a la comisi\u00f3n de Educaci\u00f3n de la Asamblea Nacional, para que sean consideradas en el&nbsp; informe definitivo de las reformas a la LOES.<\/p>\n","protected":false},"author":1,"featured_media":5425,"comment_status":"open","ping_status":"open","sticky":false,"template":"","format":"standard","meta":{"footnotes":""},"categories":[243],"tags":[],"class_list":["post-5424","post","type-post","status-publish","format-standard","has-post-thumbnail","hentry","category-noticias-zamora"],"_links":{"self":[{"href":"https:\/\/www.elamazonico.com\/portal\/wp-json\/wp\/v2\/posts\/5424","targetHints":{"allow":["GET"]}}],"collection":[{"href":"https:\/\/www.elamazonico.com\/portal\/wp-json\/wp\/v2\/posts"}],"about":[{"href":"https:\/\/www.elamazonico.com\/portal\/wp-json\/wp\/v2\/types\/post"}],"author":[{"embeddable":true,"href":"https:\/\/www.elamazonico.com\/portal\/wp-json\/wp\/v2\/users\/1"}],"replies":[{"embeddable":true,"href":"https:\/\/www.elamazonico.com\/portal\/wp-json\/wp\/v2\/comments?post=5424"}],"version-history":[{"count":1,"href":"https:\/\/www.elamazonico.com\/portal\/wp-json\/wp\/v2\/posts\/5424\/revisions"}],"predecessor-version":[{"id":5426,"href":"https:\/\/www.elamazonico.com\/portal\/wp-json\/wp\/v2\/posts\/5424\/revisions\/5426"}],"wp:featuredmedia":[{"embeddable":true,"href":"https:\/\/www.elamazonico.com\/portal\/wp-json\/wp\/v2\/media\/5425"}],"wp:attachment":[{"href":"https:\/\/www.elamazonico.com\/portal\/wp-json\/wp\/v2\/media?parent=5424"}],"wp:term":[{"taxonomy":"category","embeddable":true,"href":"https:\/\/www.elamazonico.com\/portal\/wp-json\/wp\/v2\/categories?post=5424"},{"taxonomy":"post_tag","embeddable":true,"href":"https:\/\/www.elamazonico.com\/portal\/wp-json\/wp\/v2\/tags?post=5424"}],"curies":[{"name":"wp","href":"https:\/\/api.w.org\/{rel}","templated":true}]}}