{"id":5404,"date":"2022-08-15T07:01:56","date_gmt":"2022-08-15T12:01:56","guid":{"rendered":"https:\/\/www.elamazonico.com\/portal\/?p=5404"},"modified":"2022-08-15T07:02:03","modified_gmt":"2022-08-15T12:02:03","slug":"gobierno-nacional-decreta-estado-de-excepcion-en-guayaquil","status":"publish","type":"post","link":"https:\/\/www.elamazonico.com\/portal\/gobierno-nacional-decreta-estado-de-excepcion-en-guayaquil\/","title":{"rendered":"Gobierno Nacional decreta estado de excepci\u00f3n en Guayaquil"},"content":{"rendered":"\n<p>El presidente Guillermo Lasso decret\u00f3 el estado de excepci\u00f3n en Guayaquil por 30 d\u00edas para combatir a la delincuencia y el crimen organizado, tras un acto terrorista suscitado durante la madrugada de este domingo 14 de agosto de 2022 en el sector de Cristo del Consuelo, que dej\u00f3 cinco fallecidos y 16 heridos, dos de ellos en estado cr\u00edtico.&nbsp;<\/p>\n\n\n\n<p>En una rueda de prensa en el Cuartel Modelo de Guayaquil estuvieron presentes Patricio Carrillo, ministro del Interior; Iv\u00e1n Correa,&nbsp;Secretario General de la Administraci\u00f3n P\u00fablica y Gabinete;&nbsp;Diego Ord\u00f3\u00f1ez, secretario de Seguridad P\u00fablica y del Estado; y Francisco Jim\u00e9nez, ministro de Gobierno, para confirmar las medidas que tomar\u00e1 el Gobierno Nacional para frenar el avance de los grupos organizados ligados al narcotr\u00e1fico.&nbsp;<\/p>\n\n\n\n<p>Seg\u00fan Carrillo, el atentado estaba dirigido a alias &#8216;Cucaracha&#8217; y se presume que la banda delictiva &#8216;Los Tiguerones&#8217; estar\u00eda involucrada en el incidente, que se realiz\u00f3 con explosivos de fabricaci\u00f3n artesanal. La Polic\u00eda Nacional tiene a posibles sospechosos como autores intelectuales del ataque y hay dos detenidos para las investigaciones.&nbsp;<\/p>\n\n\n\n<p>Por su parte, Diego Ord\u00f3\u00f1ez indic\u00f3 que el presidente Lasso dio la orden de mover un contingente de Polic\u00eda Nacional y Fuerzas Armadas para controlar las zonas de mayor actividad delincuencial y capturar a los responsables del incidente. Solicit\u00f3 que no se involucre la gravedad de la situaci\u00f3n con temas pol\u00edticos o electorales.&nbsp;<\/p>\n\n\n\n<p>Francisco Jim\u00e9nez se\u00f1al\u00f3 que el incremento de bandas delincuenciales ha sido un problema desde hace 15 a\u00f1os y solicit\u00f3 a la Alcald\u00eda de Guayaquil que no deslinde sus responsabilidades en la lucha contra las bandas criminales. El titular del Ministerio de Gobierno inform\u00f3 que en la consulta popular que plantea el Gobierno se realizar\u00e1n preguntas referentes a los temas de seguridad.\u00a0Fuente: El Tel\u00e9grafo<\/p>\n\n\n\n<figure class=\"wp-block-embed is-type-rich is-provider-twitter wp-block-embed-twitter\"><div class=\"wp-block-embed__wrapper\">\n<blockquote class=\"twitter-tweet\" data-width=\"550\" data-dnt=\"true\"><p lang=\"es\" dir=\"ltr\">He declarado en Estado de Excepci\u00f3n a la ciudad de Guayaquil debido a los sucesos delictivos dados en las \u00faltimas horas. Se dispondr\u00e1 de toda la fuerza p\u00fablica para restablecer el control de la ciudad. No permitiremos que el crimen organizado pretenda manejar al pa\u00eds.<\/p>&mdash; Guillermo Lasso (@LassoGuillermo) <a href=\"https:\/\/twitter.com\/LassoGuillermo\/status\/1558933865582006273?ref_src=twsrc%5Etfw\">August 14, 2022<\/a><\/blockquote><script async src=\"https:\/\/platform.twitter.com\/widgets.js\" charset=\"utf-8\"><\/script>\n<\/div><\/figure>\n\n\n\n<figure class=\"wp-block-embed is-type-rich is-provider-twitter wp-block-embed-twitter\"><div class=\"wp-block-embed__wrapper\">\nhttps:\/\/twitter.com\/MinInteriorEc\/status\/1558921175354556416\n<\/div><\/figure>\n","protected":false},"excerpt":{"rendered":"<p>El presidente Guillermo Lasso decret\u00f3 el estado de excepci\u00f3n en Guayaquil por 30 d\u00edas para combatir a la delincuencia y el crimen organizado, tras un acto terrorista suscitado durante la madrugada de este domingo 14 de agosto de 2022 en el sector de Cristo del Consuelo, que dej\u00f3 cinco fallecidos y 16 heridos, dos de ellos en estado cr\u00edtico.&nbsp; En una rueda de prensa en el Cuartel Modelo de Guayaquil estuvieron presentes Patricio Carrillo, ministro del Interior; Iv\u00e1n Correa,&nbsp;Secretario General de la Administraci\u00f3n P\u00fablica y Gabinete;&nbsp;Diego Ord\u00f3\u00f1ez, secretario de Seguridad P\u00fablica y del Estado; y Francisco Jim\u00e9nez, ministro de Gobierno, para confirmar las medidas que tomar\u00e1 el Gobierno Nacional para frenar el avance de los grupos organizados ligados al narcotr\u00e1fico.&nbsp; Seg\u00fan Carrillo, el atentado estaba dirigido a alias &#8216;Cucaracha&#8217; y se presume que la banda delictiva &#8216;Los Tiguerones&#8217; estar\u00eda involucrada en el incidente, que se realiz\u00f3 con explosivos de fabricaci\u00f3n artesanal. La Polic\u00eda Nacional tiene a posibles sospechosos como autores intelectuales del ataque y hay dos detenidos para las investigaciones.&nbsp; Por su parte, Diego Ord\u00f3\u00f1ez indic\u00f3 que el presidente Lasso dio la orden de mover un contingente de Polic\u00eda Nacional y Fuerzas Armadas para controlar las zonas de mayor actividad delincuencial y capturar a los responsables del incidente. Solicit\u00f3 que no se involucre la gravedad de la situaci\u00f3n con temas pol\u00edticos o electorales.&nbsp; Francisco Jim\u00e9nez se\u00f1al\u00f3 que el incremento de bandas delincuenciales ha sido un problema desde hace 15 a\u00f1os y solicit\u00f3 a la Alcald\u00eda de Guayaquil que no deslinde sus responsabilidades en la lucha contra las bandas criminales. El titular del Ministerio de Gobierno inform\u00f3 que en la consulta popular que plantea el Gobierno se realizar\u00e1n preguntas referentes a los temas de seguridad.\u00a0Fuente: El Tel\u00e9grafo<\/p>\n","protected":false},"author":1,"featured_media":5405,"comment_status":"open","ping_status":"open","sticky":false,"template":"","format":"standard","meta":{"footnotes":""},"categories":[268],"tags":[],"class_list":["post-5404","post","type-post","status-publish","format-standard","has-post-thumbnail","hentry","category-nacionales"],"_links":{"self":[{"href":"https:\/\/www.elamazonico.com\/portal\/wp-json\/wp\/v2\/posts\/5404","targetHints":{"allow":["GET"]}}],"collection":[{"href":"https:\/\/www.elamazonico.com\/portal\/wp-json\/wp\/v2\/posts"}],"about":[{"href":"https:\/\/www.elamazonico.com\/portal\/wp-json\/wp\/v2\/types\/post"}],"author":[{"embeddable":true,"href":"https:\/\/www.elamazonico.com\/portal\/wp-json\/wp\/v2\/users\/1"}],"replies":[{"embeddable":true,"href":"https:\/\/www.elamazonico.com\/portal\/wp-json\/wp\/v2\/comments?post=5404"}],"version-history":[{"count":1,"href":"https:\/\/www.elamazonico.com\/portal\/wp-json\/wp\/v2\/posts\/5404\/revisions"}],"predecessor-version":[{"id":5406,"href":"https:\/\/www.elamazonico.com\/portal\/wp-json\/wp\/v2\/posts\/5404\/revisions\/5406"}],"wp:featuredmedia":[{"embeddable":true,"href":"https:\/\/www.elamazonico.com\/portal\/wp-json\/wp\/v2\/media\/5405"}],"wp:attachment":[{"href":"https:\/\/www.elamazonico.com\/portal\/wp-json\/wp\/v2\/media?parent=5404"}],"wp:term":[{"taxonomy":"category","embeddable":true,"href":"https:\/\/www.elamazonico.com\/portal\/wp-json\/wp\/v2\/categories?post=5404"},{"taxonomy":"post_tag","embeddable":true,"href":"https:\/\/www.elamazonico.com\/portal\/wp-json\/wp\/v2\/tags?post=5404"}],"curies":[{"name":"wp","href":"https:\/\/api.w.org\/{rel}","templated":true}]}}