{"id":5398,"date":"2022-08-15T06:12:13","date_gmt":"2022-08-15T11:12:13","guid":{"rendered":"https:\/\/www.elamazonico.com\/portal\/?p=5398"},"modified":"2022-08-15T06:12:16","modified_gmt":"2022-08-15T11:12:16","slug":"feria-infancia-con-futuro-llego-a-pindal","status":"publish","type":"post","link":"https:\/\/www.elamazonico.com\/portal\/feria-infancia-con-futuro-llego-a-pindal\/","title":{"rendered":"Feria Infancia con Futuro lleg\u00f3 a Pindal"},"content":{"rendered":"\n<p><em>La Coordinaci\u00f3n Zonal 7 de Educaci\u00f3n y el Distrito&nbsp; Celica \u2013 Pindal \u2013 Puyango fueron padrinos para fortalecer el plan nacional Ecuador Crece sin Desnutrici\u00f3n Infantil.<\/em><\/p>\n\n\n\n<p>Con gran alegr\u00eda, entre m\u00fasica y arte, en el cant\u00f3n Pindal se llev\u00f3 a cabo la feria nacional \u00abInfancia con Futuro\u00bb, organizada por la Zona 7 de Educaci\u00f3n para trabajar en el plan nacional #EcuadorCreceSinDesnutrici\u00f3n, encabezado por la Secretar\u00eda T\u00e9cnica Ecuador Crece Sin Desnutrici\u00f3n Infantil.<\/p>\n\n\n\n<p>El coordinador Camilo Espinosa felicit\u00f3 a la comunidad que se dio cita en este encuentro y acercamiento con servicios gubernamentales. \u201cEste es un programa nacional que en esta oportunidad ha convocado el Ministerio de Educaci\u00f3n y cuenta con la participaci\u00f3n de otros ministerios y entidades p\u00fablicas\u201d.<\/p>\n\n\n\n<p>Varios directores distritales formaron parte de la delegaci\u00f3n como: Carlos Gonzaga Gaibor del Distrito Machala; Margarita Ortiz del Distrito Arenillas; Byron Toledo del Distrito Santa Rosa; Fredy S\u00e1nchez del Distrito Zapotillo. Acompa\u00f1aron al anfitri\u00f3n Gerardo Guam\u00e1n del Distrito Celica \u2013 Pindal \u2013 Puyango.<\/p>\n\n\n\n<p>El Distrito de Educaci\u00f3n 11D04 y la Coordinaci\u00f3n Zonal 7 ofertaron varios servicios de atenci\u00f3n ciudadana como traslados entre instituciones fiscales de r\u00e9gimen Costa a Sierra y matr\u00edculas extraordinarias.<\/p>\n\n\n\n<p>Personal de los Departamentos de Consejer\u00eda Estudiantil interactuaron con ni\u00f1os y j\u00f3venes realizando actividades l\u00fadicas; la analista Rosario Campoverde decidi\u00f3 vestirse de brujita y por medio del juego parchis realiz\u00f3 preguntas que permiten prevenir la violencia sexual. \u201cExiste un laberinto donde diferentes instituciones y personas pueden brindar asistencia\u201d. &nbsp;<\/p>\n\n\n\n<p>Este evento tuvo la participaci\u00f3n de varias carteras de Estado, con el acompa\u00f1amiento de autoridades nacionales, zonales y locales. Se cont\u00f3 con la presencia de ni\u00f1os, ni\u00f1as y padres de familia.<\/p>\n\n\n\n<p>Para el Ministerio Educaci\u00f3n Ecuador es satisfactorio ser el padrino de esta actividad interinstitucional que se replicar\u00e1 en otras ciudades como Zaruma en la provincia de El Oro.<\/p>\n","protected":false},"excerpt":{"rendered":"<p>La Coordinaci\u00f3n Zonal 7 de Educaci\u00f3n y el Distrito&nbsp; Celica \u2013 Pindal \u2013 Puyango fueron padrinos para fortalecer el plan nacional Ecuador Crece sin Desnutrici\u00f3n Infantil. Con gran alegr\u00eda, entre m\u00fasica y arte, en el cant\u00f3n Pindal se llev\u00f3 a cabo la feria nacional \u00abInfancia con Futuro\u00bb, organizada por la Zona 7 de Educaci\u00f3n para trabajar en el plan nacional #EcuadorCreceSinDesnutrici\u00f3n, encabezado por la Secretar\u00eda T\u00e9cnica Ecuador Crece Sin Desnutrici\u00f3n Infantil. El coordinador Camilo Espinosa felicit\u00f3 a la comunidad que se dio cita en este encuentro y acercamiento con servicios gubernamentales. \u201cEste es un programa nacional que en esta oportunidad ha convocado el Ministerio de Educaci\u00f3n y cuenta con la participaci\u00f3n de otros ministerios y entidades p\u00fablicas\u201d. Varios directores distritales formaron parte de la delegaci\u00f3n como: Carlos Gonzaga Gaibor del Distrito Machala; Margarita Ortiz del Distrito Arenillas; Byron Toledo del Distrito Santa Rosa; Fredy S\u00e1nchez del Distrito Zapotillo. Acompa\u00f1aron al anfitri\u00f3n Gerardo Guam\u00e1n del Distrito Celica \u2013 Pindal \u2013 Puyango. El Distrito de Educaci\u00f3n 11D04 y la Coordinaci\u00f3n Zonal 7 ofertaron varios servicios de atenci\u00f3n ciudadana como traslados entre instituciones fiscales de r\u00e9gimen Costa a Sierra y matr\u00edculas extraordinarias. Personal de los Departamentos de Consejer\u00eda Estudiantil interactuaron con ni\u00f1os y j\u00f3venes realizando actividades l\u00fadicas; la analista Rosario Campoverde decidi\u00f3 vestirse de brujita y por medio del juego parchis realiz\u00f3 preguntas que permiten prevenir la violencia sexual. \u201cExiste un laberinto donde diferentes instituciones y personas pueden brindar asistencia\u201d. &nbsp; Este evento tuvo la participaci\u00f3n de varias carteras de Estado, con el acompa\u00f1amiento de autoridades nacionales, zonales y locales. Se cont\u00f3 con la presencia de ni\u00f1os, ni\u00f1as y padres de familia. Para el Ministerio Educaci\u00f3n Ecuador es satisfactorio ser el padrino de esta actividad interinstitucional que se replicar\u00e1 en otras ciudades como Zaruma en la provincia de El Oro.<\/p>\n","protected":false},"author":1,"featured_media":5399,"comment_status":"open","ping_status":"open","sticky":false,"template":"","format":"standard","meta":{"footnotes":""},"categories":[268],"tags":[],"class_list":["post-5398","post","type-post","status-publish","format-standard","has-post-thumbnail","hentry","category-nacionales"],"_links":{"self":[{"href":"https:\/\/www.elamazonico.com\/portal\/wp-json\/wp\/v2\/posts\/5398","targetHints":{"allow":["GET"]}}],"collection":[{"href":"https:\/\/www.elamazonico.com\/portal\/wp-json\/wp\/v2\/posts"}],"about":[{"href":"https:\/\/www.elamazonico.com\/portal\/wp-json\/wp\/v2\/types\/post"}],"author":[{"embeddable":true,"href":"https:\/\/www.elamazonico.com\/portal\/wp-json\/wp\/v2\/users\/1"}],"replies":[{"embeddable":true,"href":"https:\/\/www.elamazonico.com\/portal\/wp-json\/wp\/v2\/comments?post=5398"}],"version-history":[{"count":1,"href":"https:\/\/www.elamazonico.com\/portal\/wp-json\/wp\/v2\/posts\/5398\/revisions"}],"predecessor-version":[{"id":5400,"href":"https:\/\/www.elamazonico.com\/portal\/wp-json\/wp\/v2\/posts\/5398\/revisions\/5400"}],"wp:featuredmedia":[{"embeddable":true,"href":"https:\/\/www.elamazonico.com\/portal\/wp-json\/wp\/v2\/media\/5399"}],"wp:attachment":[{"href":"https:\/\/www.elamazonico.com\/portal\/wp-json\/wp\/v2\/media?parent=5398"}],"wp:term":[{"taxonomy":"category","embeddable":true,"href":"https:\/\/www.elamazonico.com\/portal\/wp-json\/wp\/v2\/categories?post=5398"},{"taxonomy":"post_tag","embeddable":true,"href":"https:\/\/www.elamazonico.com\/portal\/wp-json\/wp\/v2\/tags?post=5398"}],"curies":[{"name":"wp","href":"https:\/\/api.w.org\/{rel}","templated":true}]}}