{"id":5392,"date":"2022-08-15T06:03:32","date_gmt":"2022-08-15T11:03:32","guid":{"rendered":"https:\/\/www.elamazonico.com\/portal\/?p=5392"},"modified":"2022-08-15T06:03:36","modified_gmt":"2022-08-15T11:03:36","slug":"mario-paz-promete-administracion-municipal-mediante-liderazgo-y-disciplina","status":"publish","type":"post","link":"https:\/\/www.elamazonico.com\/portal\/mario-paz-promete-administracion-municipal-mediante-liderazgo-y-disciplina\/","title":{"rendered":"Mario Paz promete administraci\u00f3n municipal mediante liderazgo y disciplina"},"content":{"rendered":"\n<p>Mario Paz, es precandidato a alcalde de Zamora por el movimiento PRIMIZA, da a conocer su m\u00e9todo de trabajo, que se basa en el liderazgo y disciplina, pero con empat\u00eda. Hace algunos d\u00edas se efectuaron las elecciones primarias dentro de este movimiento pol\u00edticos donde ratificaron su precandidatura.<\/p>\n\n\n\n<p>Ha conversado con personas de las seis parroquias rurales y urbanas, porque cree necesario conocer las problem\u00e1ticas para plantear alternativas de soluci\u00f3n a trav\u00e9s de un plan de trabajo. Las primarias se realizaron el d\u00eda 05 de agosto, donde el movimiento Primero Mi Zamora (PRIMIZA), presento a los precandidatos para alcalde, concejales urbanos y rurales, y presidentes de los GADs parroquiales.<\/p>\n\n\n\n<p>Seg\u00fan Paz, busca nuevas personas que no hayan ejercido ning\u00fan cargo p\u00fablico. Debe haber un cambio para conocer nuevas propuestas. El cant\u00f3n Zamora debe direccionarse con un norte y con una meta a largo plazo, indica Paz.<\/p>\n\n\n\n<p>Tiene una visi\u00f3n de que las personas sin distinci\u00f3n de edad puedan estar activos en las actividades deportivas y recreativas para generar la salud f\u00edsica y mental de las personas. Asimismo, piensa que el deporte es un dinamizador de la econom\u00eda. Tambi\u00e9n resalta que trabajar\u00e1 por la cultura y creaci\u00f3n de contenidos que, gracias a ellos, se ha podido generar fuentes de empleo.<\/p>\n\n\n\n<p>En cuanto a la obra p\u00fablica, planea invertir en el alcantarillado sanitario y fluvial; regeneraci\u00f3n urbana; tratamiento de aguas que dependiendo el tema de recursos financieros no es posible realizarlo de manera inmediata, pero si por etapas. Mientras el cementerio, necesita una atenci\u00f3n pronta pues ya no hay espacio para sepultar a m\u00e1s personas. Promocionar el turismo y apoyar a los emprendimientos de los distintos centros tur\u00edsticos, que, a su vez con los impuestos aportan al desarrollo del cant\u00f3n y provincia. Menciona que, debe primar las necesidades b\u00e1sicas primordiales como los servicios b\u00e1sicos, que aparte es un derecho establecido dentro de la Constituci\u00f3n de la Rep\u00fablica.<\/p>\n\n\n\n<p>Se concibe como una persona a la cual le gusta hacer bien las cosas, no le gusta la \u201cmediocridad\u201d. Realiza las actividades planificadas con antelaci\u00f3n; que piensa con asertividad, liderando cualquier \u00e9poca de la vida. Act\u00faa con disciplina, pero con respeto, teni\u00e9ndola como norma fundamental. Siempre respetar\u00e1 al trabajador y empleado de la instituci\u00f3n, a ellos hay que animarlos a seguir trabajando por el desarrollo del cant\u00f3n. Todos tendr\u00e1n mi respaldo, es m\u00e1s, en los momentos m\u00e1s dif\u00edciles ah\u00ed estar\u00e9 para darles la mano, una cosa es ser serio y hacer las cosas bien y otra cosa es lo que dicen los contrarios pol\u00edticos.<\/p>\n\n\n\n<p>Mis enemigos, por los que combatir\u00e9 fuertemente son; La corrupci\u00f3n, La falta de trabajo, La mentira, El hambre, La falta de oportunidades, contra esos males luchar\u00e9. Al cant\u00f3n Zamora tenemos que sacarlo todos con esfuerzo, visi\u00f3n y planificaci\u00f3n, para que en poco tiempo sea un ejemplo a seguir.\u00a0LM<\/p>\n","protected":false},"excerpt":{"rendered":"<p>Mario Paz, es precandidato a alcalde de Zamora por el movimiento PRIMIZA, da a conocer su m\u00e9todo de trabajo, que se basa en el liderazgo y disciplina, pero con empat\u00eda. Hace algunos d\u00edas se efectuaron las elecciones primarias dentro de este movimiento pol\u00edticos donde ratificaron su precandidatura. Ha conversado con personas de las seis parroquias rurales y urbanas, porque cree necesario conocer las problem\u00e1ticas para plantear alternativas de soluci\u00f3n a trav\u00e9s de un plan de trabajo. Las primarias se realizaron el d\u00eda 05 de agosto, donde el movimiento Primero Mi Zamora (PRIMIZA), presento a los precandidatos para alcalde, concejales urbanos y rurales, y presidentes de los GADs parroquiales. Seg\u00fan Paz, busca nuevas personas que no hayan ejercido ning\u00fan cargo p\u00fablico. Debe haber un cambio para conocer nuevas propuestas. El cant\u00f3n Zamora debe direccionarse con un norte y con una meta a largo plazo, indica Paz. Tiene una visi\u00f3n de que las personas sin distinci\u00f3n de edad puedan estar activos en las actividades deportivas y recreativas para generar la salud f\u00edsica y mental de las personas. Asimismo, piensa que el deporte es un dinamizador de la econom\u00eda. Tambi\u00e9n resalta que trabajar\u00e1 por la cultura y creaci\u00f3n de contenidos que, gracias a ellos, se ha podido generar fuentes de empleo. En cuanto a la obra p\u00fablica, planea invertir en el alcantarillado sanitario y fluvial; regeneraci\u00f3n urbana; tratamiento de aguas que dependiendo el tema de recursos financieros no es posible realizarlo de manera inmediata, pero si por etapas. Mientras el cementerio, necesita una atenci\u00f3n pronta pues ya no hay espacio para sepultar a m\u00e1s personas. Promocionar el turismo y apoyar a los emprendimientos de los distintos centros tur\u00edsticos, que, a su vez con los impuestos aportan al desarrollo del cant\u00f3n y provincia. Menciona que, debe primar las necesidades b\u00e1sicas primordiales como los servicios b\u00e1sicos, que aparte es un derecho establecido dentro de la Constituci\u00f3n de la Rep\u00fablica. Se concibe como una persona a la cual le gusta hacer bien las cosas, no le gusta la \u201cmediocridad\u201d. Realiza las actividades planificadas con antelaci\u00f3n; que piensa con asertividad, liderando cualquier \u00e9poca de la vida. Act\u00faa con disciplina, pero con respeto, teni\u00e9ndola como norma fundamental. Siempre respetar\u00e1 al trabajador y empleado de la instituci\u00f3n, a ellos hay que animarlos a seguir trabajando por el desarrollo del cant\u00f3n. Todos tendr\u00e1n mi respaldo, es m\u00e1s, en los momentos m\u00e1s dif\u00edciles ah\u00ed estar\u00e9 para darles la mano, una cosa es ser serio y hacer las cosas bien y otra cosa es lo que dicen los contrarios pol\u00edticos. Mis enemigos, por los que combatir\u00e9 fuertemente son; La corrupci\u00f3n, La falta de trabajo, La mentira, El hambre, La falta de oportunidades, contra esos males luchar\u00e9. Al cant\u00f3n Zamora tenemos que sacarlo todos con esfuerzo, visi\u00f3n y planificaci\u00f3n, para que en poco tiempo sea un ejemplo a seguir.\u00a0LM<\/p>\n","protected":false},"author":1,"featured_media":5393,"comment_status":"open","ping_status":"open","sticky":false,"template":"","format":"standard","meta":{"footnotes":""},"categories":[243],"tags":[],"class_list":["post-5392","post","type-post","status-publish","format-standard","has-post-thumbnail","hentry","category-noticias-zamora"],"_links":{"self":[{"href":"https:\/\/www.elamazonico.com\/portal\/wp-json\/wp\/v2\/posts\/5392","targetHints":{"allow":["GET"]}}],"collection":[{"href":"https:\/\/www.elamazonico.com\/portal\/wp-json\/wp\/v2\/posts"}],"about":[{"href":"https:\/\/www.elamazonico.com\/portal\/wp-json\/wp\/v2\/types\/post"}],"author":[{"embeddable":true,"href":"https:\/\/www.elamazonico.com\/portal\/wp-json\/wp\/v2\/users\/1"}],"replies":[{"embeddable":true,"href":"https:\/\/www.elamazonico.com\/portal\/wp-json\/wp\/v2\/comments?post=5392"}],"version-history":[{"count":1,"href":"https:\/\/www.elamazonico.com\/portal\/wp-json\/wp\/v2\/posts\/5392\/revisions"}],"predecessor-version":[{"id":5394,"href":"https:\/\/www.elamazonico.com\/portal\/wp-json\/wp\/v2\/posts\/5392\/revisions\/5394"}],"wp:featuredmedia":[{"embeddable":true,"href":"https:\/\/www.elamazonico.com\/portal\/wp-json\/wp\/v2\/media\/5393"}],"wp:attachment":[{"href":"https:\/\/www.elamazonico.com\/portal\/wp-json\/wp\/v2\/media?parent=5392"}],"wp:term":[{"taxonomy":"category","embeddable":true,"href":"https:\/\/www.elamazonico.com\/portal\/wp-json\/wp\/v2\/categories?post=5392"},{"taxonomy":"post_tag","embeddable":true,"href":"https:\/\/www.elamazonico.com\/portal\/wp-json\/wp\/v2\/tags?post=5392"}],"curies":[{"name":"wp","href":"https:\/\/api.w.org\/{rel}","templated":true}]}}