{"id":5385,"date":"2022-08-11T11:31:11","date_gmt":"2022-08-11T16:31:11","guid":{"rendered":"https:\/\/www.elamazonico.com\/portal\/?p=5385"},"modified":"2022-08-11T11:31:36","modified_gmt":"2022-08-11T16:31:36","slug":"921-servidores-publicos-estaran-activados-durante-el-feriado-por-el-10-de-agosto","status":"publish","type":"post","link":"https:\/\/www.elamazonico.com\/portal\/921-servidores-publicos-estaran-activados-durante-el-feriado-por-el-10-de-agosto\/","title":{"rendered":"921 servidores p\u00fablicos estar\u00e1n activados durante el feriado por el 10 de agosto"},"content":{"rendered":"\n<p>Mediante rueda de prensa, Mariana Seminario, comisaria de Polic\u00eda del cant\u00f3n Zamora y delegada del gobernador Absal\u00f3n Campoverde, Adalberto Ca\u00f1ar, jefe de gesti\u00f3n operativa de la subzona de Polic\u00eda Nro. 19, Javier Ib\u00e1\u00f1ez, jefe provincial de tr\u00e1nsito y Diego Palma, t\u00e9cnico del servicio nacional de gesti\u00f3n de riesgos, dieron a conocer el Plan de Contingencia por el feriado del 10 de agosto.<\/p>\n\n\n\n<p>Seminario explic\u00f3 que con el objetivo de precautelar la seguridad y orden p\u00fablico de la ciudadan\u00eda estar\u00e1n activos 921 servidores p\u00fablicos y 498 recursos log\u00edsticos que se desplegar\u00e1n en toda la provincia durante el feriado. \u201cComo Intendencia se realizar\u00e1 una operatividad en conjunto con Comisar\u00edas de Polic\u00eda y Tenencias Pol\u00edticas en cada sector, en coordinaci\u00f3n con las instituciones competentes\u201d, sostuvo.<\/p>\n\n\n\n<p>Entre las acciones previstas constan: operativos en Terminales Terrestres, para controlar las tarifas preferenciales, documentaci\u00f3n habilitante de los conductores y de las empresas que brindan el transporte p\u00fablico; operativos en v\u00edas de armas, municiones y explosivos, licor artesanal y productos de contrabando; horarios de funcionamiento en establecimientos de diversi\u00f3n nocturna; retiro de libadores en espacios p\u00fablicos, entre otras.<\/p>\n\n\n\n<p>Adalberto Ca\u00f1ar, jefe de gesti\u00f3n operativa de la subzona de Polic\u00eda Nro. 19, se\u00f1al\u00f3 que durante el feriado el personal policial operativo, preventivo, investigativo y de inteligencia estar\u00e1 concentrado en los lugares de mayor afluencia ciudadana, mediante patrullajes fijos y m\u00f3viles en las principales v\u00edas de acceso a la provincia, para prevenir y garantizar la integridad de las personas y sus bienes.<\/p>\n\n\n\n<p>\u201cSe realizar\u00e1n operativos con Polic\u00eda de Migraci\u00f3n para controlar a ciudadanos extranjeros que se encuentren situaci\u00f3n de ilegalidad en la provincia de Zamora Chinchipe, se intensificar\u00e1n actividades con las Unidades de Inteligencia, Polic\u00eda Judicial y Antinarc\u00f3ticos; adem\u00e1s, hemos desarrollado estrategias con DINAPEN, para evitar inconvenientes los d\u00edas de feriado con los ni\u00f1os, ni\u00f1as y adolescentes\u201d, detall\u00f3 Ca\u00f1ar.<\/p>\n\n\n\n<p>Javier Ib\u00e1\u00f1ez, jefe provincial de tr\u00e1nsito de la Polic\u00eda Nacional, dio a conocer que se han planificado operativos durante todos los d\u00edas de feriado en conjunto con la ANT y con el personal especializado del Servicio de Investigaciones de Accidentes de Tr\u00e1nsito (SIAT), se intensificar\u00e1 la revisi\u00f3n de licencias de los conductores; documentaci\u00f3n en regla y revisi\u00f3n de neum\u00e1ticos, con el fin de evitar accidentes en las v\u00edas. \u201cEn Zamora se efectuar\u00e1n controles en los tres puntos principales: sector de El Lim\u00f3n, terminal terrestre y en la Pista de Cumbaratza\u201d, enfatiz\u00f3.<\/p>\n\n\n\n<p>Mientras que Diego Palma, t\u00e9cnico del servicio nacional de gesti\u00f3n de riesgos en Zamora Chinchipe, indic\u00f3 que se mantendr\u00e1 activa una sala de monitoreo ante eventos adversos para evaluaciones frente a incidentes peligrosos de las unidades de respuesta y an\u00e1lisis de riesgos.<\/p>\n","protected":false},"excerpt":{"rendered":"<p>Mediante rueda de prensa, Mariana Seminario, comisaria de Polic\u00eda del cant\u00f3n Zamora y delegada del gobernador Absal\u00f3n Campoverde, Adalberto Ca\u00f1ar, jefe de gesti\u00f3n operativa de la subzona de Polic\u00eda Nro. 19, Javier Ib\u00e1\u00f1ez, jefe provincial de tr\u00e1nsito y Diego Palma, t\u00e9cnico del servicio nacional de gesti\u00f3n de riesgos, dieron a conocer el Plan de Contingencia por el feriado del 10 de agosto. Seminario explic\u00f3 que con el objetivo de precautelar la seguridad y orden p\u00fablico de la ciudadan\u00eda estar\u00e1n activos 921 servidores p\u00fablicos y 498 recursos log\u00edsticos que se desplegar\u00e1n en toda la provincia durante el feriado. \u201cComo Intendencia se realizar\u00e1 una operatividad en conjunto con Comisar\u00edas de Polic\u00eda y Tenencias Pol\u00edticas en cada sector, en coordinaci\u00f3n con las instituciones competentes\u201d, sostuvo. Entre las acciones previstas constan: operativos en Terminales Terrestres, para controlar las tarifas preferenciales, documentaci\u00f3n habilitante de los conductores y de las empresas que brindan el transporte p\u00fablico; operativos en v\u00edas de armas, municiones y explosivos, licor artesanal y productos de contrabando; horarios de funcionamiento en establecimientos de diversi\u00f3n nocturna; retiro de libadores en espacios p\u00fablicos, entre otras. Adalberto Ca\u00f1ar, jefe de gesti\u00f3n operativa de la subzona de Polic\u00eda Nro. 19, se\u00f1al\u00f3 que durante el feriado el personal policial operativo, preventivo, investigativo y de inteligencia estar\u00e1 concentrado en los lugares de mayor afluencia ciudadana, mediante patrullajes fijos y m\u00f3viles en las principales v\u00edas de acceso a la provincia, para prevenir y garantizar la integridad de las personas y sus bienes. \u201cSe realizar\u00e1n operativos con Polic\u00eda de Migraci\u00f3n para controlar a ciudadanos extranjeros que se encuentren situaci\u00f3n de ilegalidad en la provincia de Zamora Chinchipe, se intensificar\u00e1n actividades con las Unidades de Inteligencia, Polic\u00eda Judicial y Antinarc\u00f3ticos; adem\u00e1s, hemos desarrollado estrategias con DINAPEN, para evitar inconvenientes los d\u00edas de feriado con los ni\u00f1os, ni\u00f1as y adolescentes\u201d, detall\u00f3 Ca\u00f1ar. Javier Ib\u00e1\u00f1ez, jefe provincial de tr\u00e1nsito de la Polic\u00eda Nacional, dio a conocer que se han planificado operativos durante todos los d\u00edas de feriado en conjunto con la ANT y con el personal especializado del Servicio de Investigaciones de Accidentes de Tr\u00e1nsito (SIAT), se intensificar\u00e1 la revisi\u00f3n de licencias de los conductores; documentaci\u00f3n en regla y revisi\u00f3n de neum\u00e1ticos, con el fin de evitar accidentes en las v\u00edas. \u201cEn Zamora se efectuar\u00e1n controles en los tres puntos principales: sector de El Lim\u00f3n, terminal terrestre y en la Pista de Cumbaratza\u201d, enfatiz\u00f3. Mientras que Diego Palma, t\u00e9cnico del servicio nacional de gesti\u00f3n de riesgos en Zamora Chinchipe, indic\u00f3 que se mantendr\u00e1 activa una sala de monitoreo ante eventos adversos para evaluaciones frente a incidentes peligrosos de las unidades de respuesta y an\u00e1lisis de riesgos.<\/p>\n","protected":false},"author":1,"featured_media":5386,"comment_status":"open","ping_status":"open","sticky":false,"template":"","format":"standard","meta":{"footnotes":""},"categories":[243],"tags":[],"class_list":["post-5385","post","type-post","status-publish","format-standard","has-post-thumbnail","hentry","category-noticias-zamora"],"_links":{"self":[{"href":"https:\/\/www.elamazonico.com\/portal\/wp-json\/wp\/v2\/posts\/5385","targetHints":{"allow":["GET"]}}],"collection":[{"href":"https:\/\/www.elamazonico.com\/portal\/wp-json\/wp\/v2\/posts"}],"about":[{"href":"https:\/\/www.elamazonico.com\/portal\/wp-json\/wp\/v2\/types\/post"}],"author":[{"embeddable":true,"href":"https:\/\/www.elamazonico.com\/portal\/wp-json\/wp\/v2\/users\/1"}],"replies":[{"embeddable":true,"href":"https:\/\/www.elamazonico.com\/portal\/wp-json\/wp\/v2\/comments?post=5385"}],"version-history":[{"count":1,"href":"https:\/\/www.elamazonico.com\/portal\/wp-json\/wp\/v2\/posts\/5385\/revisions"}],"predecessor-version":[{"id":5387,"href":"https:\/\/www.elamazonico.com\/portal\/wp-json\/wp\/v2\/posts\/5385\/revisions\/5387"}],"wp:featuredmedia":[{"embeddable":true,"href":"https:\/\/www.elamazonico.com\/portal\/wp-json\/wp\/v2\/media\/5386"}],"wp:attachment":[{"href":"https:\/\/www.elamazonico.com\/portal\/wp-json\/wp\/v2\/media?parent=5385"}],"wp:term":[{"taxonomy":"category","embeddable":true,"href":"https:\/\/www.elamazonico.com\/portal\/wp-json\/wp\/v2\/categories?post=5385"},{"taxonomy":"post_tag","embeddable":true,"href":"https:\/\/www.elamazonico.com\/portal\/wp-json\/wp\/v2\/tags?post=5385"}],"curies":[{"name":"wp","href":"https:\/\/api.w.org\/{rel}","templated":true}]}}