{"id":5382,"date":"2022-08-11T11:28:52","date_gmt":"2022-08-11T16:28:52","guid":{"rendered":"https:\/\/www.elamazonico.com\/portal\/?p=5382"},"modified":"2022-08-11T11:28:59","modified_gmt":"2022-08-11T16:28:59","slug":"docente-utpl-destaca-en-premio-internacional-voluntario-del-ano-ieee-sight","status":"publish","type":"post","link":"https:\/\/www.elamazonico.com\/portal\/docente-utpl-destaca-en-premio-internacional-voluntario-del-ano-ieee-sight\/","title":{"rendered":"Docente UTPL destaca en premio internacional \u2018Voluntario del A\u00f1o\u2019 IEEE SIGHT"},"content":{"rendered":"\n<p><em>El investigador cient\u00edfico y docente universitario de la UTPL, Carlos Calder\u00f3n, fue acreedor a una menci\u00f3n de honor dentro del Premio global al Voluntario del A\u00f1o, que otorga IEEE SIGHT<\/em><\/p>\n\n\n\n<p>Por m\u00e1s de diez a\u00f1os, Carlos Calder\u00f3n C\u00f3rdova, investigador y docente de la Universidad T\u00e9cnica Particular de Loja (UTPL), ha participado en varias iniciativas de voluntariado para impulsar proyectos de tecnolog\u00eda humanitaria. Gracias a este esfuerzo, recientemente fue reconocido con una menci\u00f3n de honor dentro del Premio al Voluntario del A\u00f1o, que otorga el Grupo de Inter\u00e9s Especial en Tecnolog\u00eda Humanitaria (SIGHT) del Instituto de Ingenieros El\u00e9ctricos y Electr\u00f3nicos (IEEE), cuya sede central se encuentra en New York (USA).<\/p>\n\n\n\n<p>El IEEE-SIGHT es una de las organizaciones m\u00e1s grandes de voluntarios profesionales y estudiantiles a nivel internacional. Esta red global que impulsa proyectos de vinculaci\u00f3n social cuenta con m\u00e1s de 29 mil miembros, de m\u00e1s de 130 pa\u00edses, en la que los voluntarios son personas vinculadas a carreras y sectores dentro de las ingenier\u00edas y nuevas tecnolog\u00edas.<\/p>\n\n\n\n<p>Carlos Calder\u00f3n hace dos a\u00f1os fue designado como presidente nacional de la divisi\u00f3n SIGHT de Ecuador, para el periodo 2020-2021, y comenta que este nuevo rol le permiti\u00f3 involucrarse en m\u00e1s proyectos relacionados con la implementaci\u00f3n de tecnolog\u00eda humanitaria y la aplicaci\u00f3n de la tecnolog\u00eda para el Desarrollo Sostenible.<\/p>\n\n\n\n<p>\u201cLa tecnolog\u00eda humanitaria consiste en la implementaci\u00f3n de innovaciones tecnol\u00f3gicas en proyectos que buscan atender las necesidades de diferentes grupos poblacionales, que enfrentan condiciones adversas. Esto permite que todo el trabajo que realizamos en la universidad no se quede solo en el papel, o en el laboratorio, sino que llegue a beneficiar a las personas que lo necesitan\u201d, explica el investigador.<\/p>\n\n\n\n<p>A la fecha, Calder\u00f3n ha ejecutado cuatro proyectos de vinculaci\u00f3n social de base tecnol\u00f3gica, y ha generado 7 eventos para promover la Tecnolog\u00eda Humanitaria en el pa\u00eds, que han brindado apoyo a cerca de 15 actores del peque\u00f1o sector productivo y a m\u00e1s de 5 asociaciones de agricultores de la provincia de Loja.<\/p>\n\n\n\n<p>Uno de los proyectos que ha ejecutado y que tiene un v\u00ednculo con sectores vulnerables, es el proyecto \u2018Axes\u2019, enfocado en la elaboraci\u00f3n de material did\u00e1ctico escolar para 22 ni\u00f1os con discapacidad visual del Instituto Especial Fiscal para Ciegos \u201cByron Eguiguren\u201d, en el que a trav\u00e9s del uso de figuras geom\u00e9tricas y una tabla interactiva se facilit\u00f3 el aprendizaje de matem\u00e1tica b\u00e1sica.<\/p>\n\n\n\n<p><a>Otro de los proyectos ejecutados se denomina \u2018Tech for good\u2019 (en espa\u00f1ol, tecnolog\u00eda para el bien), que<\/a> ha permitido que desde la UTPL se propicie el desarrollo de m\u00e1s de 20 prototipos tecnol\u00f3gicos para mejorar u optimizar los procesos de riego y poscosecha de productos, como el caf\u00e9. Con esta visi\u00f3n, se ha potenciado la operatividad y productividad de sectores que no tienen acceso a tecnolog\u00eda o desconocen el potencial de la tecnolog\u00eda para resolver sus problemas. Con su labor, Calder\u00f3n busca inspirar el desarrollo de iniciativas y proyectos en Ecuador que tengan como fundamento la tecnolog\u00eda, y que mejoren las condiciones de vida de sectores vulnerables mientras se apoya el desarrollo local, nacional y regional.<\/p>\n","protected":false},"excerpt":{"rendered":"<p>El investigador cient\u00edfico y docente universitario de la UTPL, Carlos Calder\u00f3n, fue acreedor a una menci\u00f3n de honor dentro del Premio global al Voluntario del A\u00f1o, que otorga IEEE SIGHT Por m\u00e1s de diez a\u00f1os, Carlos Calder\u00f3n C\u00f3rdova, investigador y docente de la Universidad T\u00e9cnica Particular de Loja (UTPL), ha participado en varias iniciativas de voluntariado para impulsar proyectos de tecnolog\u00eda humanitaria. Gracias a este esfuerzo, recientemente fue reconocido con una menci\u00f3n de honor dentro del Premio al Voluntario del A\u00f1o, que otorga el Grupo de Inter\u00e9s Especial en Tecnolog\u00eda Humanitaria (SIGHT) del Instituto de Ingenieros El\u00e9ctricos y Electr\u00f3nicos (IEEE), cuya sede central se encuentra en New York (USA). El IEEE-SIGHT es una de las organizaciones m\u00e1s grandes de voluntarios profesionales y estudiantiles a nivel internacional. Esta red global que impulsa proyectos de vinculaci\u00f3n social cuenta con m\u00e1s de 29 mil miembros, de m\u00e1s de 130 pa\u00edses, en la que los voluntarios son personas vinculadas a carreras y sectores dentro de las ingenier\u00edas y nuevas tecnolog\u00edas. Carlos Calder\u00f3n hace dos a\u00f1os fue designado como presidente nacional de la divisi\u00f3n SIGHT de Ecuador, para el periodo 2020-2021, y comenta que este nuevo rol le permiti\u00f3 involucrarse en m\u00e1s proyectos relacionados con la implementaci\u00f3n de tecnolog\u00eda humanitaria y la aplicaci\u00f3n de la tecnolog\u00eda para el Desarrollo Sostenible. \u201cLa tecnolog\u00eda humanitaria consiste en la implementaci\u00f3n de innovaciones tecnol\u00f3gicas en proyectos que buscan atender las necesidades de diferentes grupos poblacionales, que enfrentan condiciones adversas. Esto permite que todo el trabajo que realizamos en la universidad no se quede solo en el papel, o en el laboratorio, sino que llegue a beneficiar a las personas que lo necesitan\u201d, explica el investigador. A la fecha, Calder\u00f3n ha ejecutado cuatro proyectos de vinculaci\u00f3n social de base tecnol\u00f3gica, y ha generado 7 eventos para promover la Tecnolog\u00eda Humanitaria en el pa\u00eds, que han brindado apoyo a cerca de 15 actores del peque\u00f1o sector productivo y a m\u00e1s de 5 asociaciones de agricultores de la provincia de Loja. Uno de los proyectos que ha ejecutado y que tiene un v\u00ednculo con sectores vulnerables, es el proyecto \u2018Axes\u2019, enfocado en la elaboraci\u00f3n de material did\u00e1ctico escolar para 22 ni\u00f1os con discapacidad visual del Instituto Especial Fiscal para Ciegos \u201cByron Eguiguren\u201d, en el que a trav\u00e9s del uso de figuras geom\u00e9tricas y una tabla interactiva se facilit\u00f3 el aprendizaje de matem\u00e1tica b\u00e1sica. Otro de los proyectos ejecutados se denomina \u2018Tech for good\u2019 (en espa\u00f1ol, tecnolog\u00eda para el bien), que ha permitido que desde la UTPL se propicie el desarrollo de m\u00e1s de 20 prototipos tecnol\u00f3gicos para mejorar u optimizar los procesos de riego y poscosecha de productos, como el caf\u00e9. Con esta visi\u00f3n, se ha potenciado la operatividad y productividad de sectores que no tienen acceso a tecnolog\u00eda o desconocen el potencial de la tecnolog\u00eda para resolver sus problemas. Con su labor, Calder\u00f3n busca inspirar el desarrollo de iniciativas y proyectos en Ecuador que tengan como fundamento la tecnolog\u00eda, y que mejoren las condiciones de vida de sectores vulnerables mientras se apoya el desarrollo local, nacional y regional.<\/p>\n","protected":false},"author":1,"featured_media":5383,"comment_status":"open","ping_status":"open","sticky":false,"template":"","format":"standard","meta":{"footnotes":""},"categories":[268],"tags":[],"class_list":["post-5382","post","type-post","status-publish","format-standard","has-post-thumbnail","hentry","category-nacionales"],"_links":{"self":[{"href":"https:\/\/www.elamazonico.com\/portal\/wp-json\/wp\/v2\/posts\/5382","targetHints":{"allow":["GET"]}}],"collection":[{"href":"https:\/\/www.elamazonico.com\/portal\/wp-json\/wp\/v2\/posts"}],"about":[{"href":"https:\/\/www.elamazonico.com\/portal\/wp-json\/wp\/v2\/types\/post"}],"author":[{"embeddable":true,"href":"https:\/\/www.elamazonico.com\/portal\/wp-json\/wp\/v2\/users\/1"}],"replies":[{"embeddable":true,"href":"https:\/\/www.elamazonico.com\/portal\/wp-json\/wp\/v2\/comments?post=5382"}],"version-history":[{"count":1,"href":"https:\/\/www.elamazonico.com\/portal\/wp-json\/wp\/v2\/posts\/5382\/revisions"}],"predecessor-version":[{"id":5384,"href":"https:\/\/www.elamazonico.com\/portal\/wp-json\/wp\/v2\/posts\/5382\/revisions\/5384"}],"wp:featuredmedia":[{"embeddable":true,"href":"https:\/\/www.elamazonico.com\/portal\/wp-json\/wp\/v2\/media\/5383"}],"wp:attachment":[{"href":"https:\/\/www.elamazonico.com\/portal\/wp-json\/wp\/v2\/media?parent=5382"}],"wp:term":[{"taxonomy":"category","embeddable":true,"href":"https:\/\/www.elamazonico.com\/portal\/wp-json\/wp\/v2\/categories?post=5382"},{"taxonomy":"post_tag","embeddable":true,"href":"https:\/\/www.elamazonico.com\/portal\/wp-json\/wp\/v2\/tags?post=5382"}],"curies":[{"name":"wp","href":"https:\/\/api.w.org\/{rel}","templated":true}]}}