{"id":5363,"date":"2022-08-11T06:58:22","date_gmt":"2022-08-11T11:58:22","guid":{"rendered":"https:\/\/www.elamazonico.com\/portal\/?p=5363"},"modified":"2022-08-11T06:58:31","modified_gmt":"2022-08-11T11:58:31","slug":"marbellyne-toledo-binomio-de-bladimir-armijos-dialogo-con-diario-el-amazonico","status":"publish","type":"post","link":"https:\/\/www.elamazonico.com\/portal\/marbellyne-toledo-binomio-de-bladimir-armijos-dialogo-con-diario-el-amazonico\/","title":{"rendered":"Marbellyne Toledo, binomio de Bladimir Armijos dialog\u00f3 con diario El Amaz\u00f3nico"},"content":{"rendered":"\n<p>De a poco los candidatos que terciaran en la siguiente contienda electoral y mediante medios de comunicaci\u00f3n como Diario El Amaz\u00f3nico, han dado a conocer sus propuestas y planes de trabajo para que la ciudadan\u00eda zamorana chinchipense pueda elegir su mejor candidato y tener las autoridades para el pr\u00f3ximo periodo. Tal es el caso de Marbellyne Toledo, quien se encuentra participando como precandidata para llegar a la viceprefectura, acompa\u00f1ando a Bladimir Armijos, como prefecto por la alianza Compromiso y Progreso, listas 3-21.<\/p>\n\n\n\n<p>Marbellyne Toledo naci\u00f3 en Zamora; sus padres son de origen zamorano y de ra\u00edces coste\u00f1as. En las primeras edades, se prepar\u00f3 en las mejores instituciones de la ciudad, ya para su formaci\u00f3n universitaria, viaj\u00f3 a Loja para preparase en Comunicaci\u00f3n Social. Ha trabajo en algunas instituciones que le han permitido adquirir m\u00e1s experiencia.<\/p>\n\n\n\n<p>Oficializa su candidatura, comprometida con la provincia, adquiriendo una responsabilidad que conlleva un esfuerzo y sacrificio, a\u00f1ade Toledo. Se form\u00f3 como comunicadora, pero las oportunidades le han llevado a dar una transici\u00f3n hacia la vida pol\u00edtica y de servicio a la ciudadan\u00eda a la cual va a representar.<\/p>\n\n\n\n<p>\u201cNuevos retos que representan una responsabilidad para servir a la ciudadan\u00eda \u201c. Est\u00e1 a gusto de servicio en otro espacio a Zamora Chinchipe; siendo la primera vez que la comunicadora participa en comicios electorales y considera que todas las personas son pol\u00edticas de nacimiento y desde cualquier espacio se est\u00e1 dispuesto a trabajar por la familia y la sociedad.<\/p>\n\n\n\n<p>Destaca la participaci\u00f3n que la mujer y la juventud esta representando en estas contiendas y en los \u00faltimos a\u00f1os. Las instituciones gubernamentales y de control han incluido a la mujer dentro de este espacio de participaci\u00f3n ciudadana y la capacidad de ocupar grandes cargos de elecci\u00f3n popular. La afinidad por la pol\u00edtica viene desde su familia, donde siempre se han enmarcado en los temas pol\u00edticos.<\/p>\n\n\n\n<p>\u201cEl tema de trabajar en comunicaci\u00f3n me ha permitido estar al tanto y estar preparada ante la opini\u00f3n y la cr\u00edtica publica, que la mayor parte se considera negativa\u201d. Se\u00f1ala Toledo al asegurar que se encuentra lista y preparada para recibir cr\u00edticas, pues el tema pol\u00edtico siempre va a estar en la palestra p\u00fablica. Insta a que la ciudadan\u00eda opte por propuestas e iniciativas nuevas.<\/p>\n","protected":false},"excerpt":{"rendered":"<p>De a poco los candidatos que terciaran en la siguiente contienda electoral y mediante medios de comunicaci\u00f3n como Diario El Amaz\u00f3nico, han dado a conocer sus propuestas y planes de trabajo para que la ciudadan\u00eda zamorana chinchipense pueda elegir su mejor candidato y tener las autoridades para el pr\u00f3ximo periodo. Tal es el caso de Marbellyne Toledo, quien se encuentra participando como precandidata para llegar a la viceprefectura, acompa\u00f1ando a Bladimir Armijos, como prefecto por la alianza Compromiso y Progreso, listas 3-21. Marbellyne Toledo naci\u00f3 en Zamora; sus padres son de origen zamorano y de ra\u00edces coste\u00f1as. En las primeras edades, se prepar\u00f3 en las mejores instituciones de la ciudad, ya para su formaci\u00f3n universitaria, viaj\u00f3 a Loja para preparase en Comunicaci\u00f3n Social. Ha trabajo en algunas instituciones que le han permitido adquirir m\u00e1s experiencia. Oficializa su candidatura, comprometida con la provincia, adquiriendo una responsabilidad que conlleva un esfuerzo y sacrificio, a\u00f1ade Toledo. Se form\u00f3 como comunicadora, pero las oportunidades le han llevado a dar una transici\u00f3n hacia la vida pol\u00edtica y de servicio a la ciudadan\u00eda a la cual va a representar. \u201cNuevos retos que representan una responsabilidad para servir a la ciudadan\u00eda \u201c. Est\u00e1 a gusto de servicio en otro espacio a Zamora Chinchipe; siendo la primera vez que la comunicadora participa en comicios electorales y considera que todas las personas son pol\u00edticas de nacimiento y desde cualquier espacio se est\u00e1 dispuesto a trabajar por la familia y la sociedad. Destaca la participaci\u00f3n que la mujer y la juventud esta representando en estas contiendas y en los \u00faltimos a\u00f1os. Las instituciones gubernamentales y de control han incluido a la mujer dentro de este espacio de participaci\u00f3n ciudadana y la capacidad de ocupar grandes cargos de elecci\u00f3n popular. La afinidad por la pol\u00edtica viene desde su familia, donde siempre se han enmarcado en los temas pol\u00edticos. \u201cEl tema de trabajar en comunicaci\u00f3n me ha permitido estar al tanto y estar preparada ante la opini\u00f3n y la cr\u00edtica publica, que la mayor parte se considera negativa\u201d. Se\u00f1ala Toledo al asegurar que se encuentra lista y preparada para recibir cr\u00edticas, pues el tema pol\u00edtico siempre va a estar en la palestra p\u00fablica. Insta a que la ciudadan\u00eda opte por propuestas e iniciativas nuevas.<\/p>\n","protected":false},"author":1,"featured_media":5364,"comment_status":"open","ping_status":"open","sticky":false,"template":"","format":"standard","meta":{"footnotes":""},"categories":[243],"tags":[],"class_list":["post-5363","post","type-post","status-publish","format-standard","has-post-thumbnail","hentry","category-noticias-zamora"],"_links":{"self":[{"href":"https:\/\/www.elamazonico.com\/portal\/wp-json\/wp\/v2\/posts\/5363","targetHints":{"allow":["GET"]}}],"collection":[{"href":"https:\/\/www.elamazonico.com\/portal\/wp-json\/wp\/v2\/posts"}],"about":[{"href":"https:\/\/www.elamazonico.com\/portal\/wp-json\/wp\/v2\/types\/post"}],"author":[{"embeddable":true,"href":"https:\/\/www.elamazonico.com\/portal\/wp-json\/wp\/v2\/users\/1"}],"replies":[{"embeddable":true,"href":"https:\/\/www.elamazonico.com\/portal\/wp-json\/wp\/v2\/comments?post=5363"}],"version-history":[{"count":1,"href":"https:\/\/www.elamazonico.com\/portal\/wp-json\/wp\/v2\/posts\/5363\/revisions"}],"predecessor-version":[{"id":5365,"href":"https:\/\/www.elamazonico.com\/portal\/wp-json\/wp\/v2\/posts\/5363\/revisions\/5365"}],"wp:featuredmedia":[{"embeddable":true,"href":"https:\/\/www.elamazonico.com\/portal\/wp-json\/wp\/v2\/media\/5364"}],"wp:attachment":[{"href":"https:\/\/www.elamazonico.com\/portal\/wp-json\/wp\/v2\/media?parent=5363"}],"wp:term":[{"taxonomy":"category","embeddable":true,"href":"https:\/\/www.elamazonico.com\/portal\/wp-json\/wp\/v2\/categories?post=5363"},{"taxonomy":"post_tag","embeddable":true,"href":"https:\/\/www.elamazonico.com\/portal\/wp-json\/wp\/v2\/tags?post=5363"}],"curies":[{"name":"wp","href":"https:\/\/api.w.org\/{rel}","templated":true}]}}