{"id":5360,"date":"2022-08-10T12:35:11","date_gmt":"2022-08-10T17:35:11","guid":{"rendered":"https:\/\/www.elamazonico.com\/portal\/?p=5360"},"modified":"2022-08-10T12:35:15","modified_gmt":"2022-08-10T17:35:15","slug":"partido-entre-qatar-y-ecuador-podria-adelantarse","status":"publish","type":"post","link":"https:\/\/www.elamazonico.com\/portal\/partido-entre-qatar-y-ecuador-podria-adelantarse\/","title":{"rendered":"Partido entre Qatar y Ecuador podr\u00eda adelantarse"},"content":{"rendered":"\n<p>El partido entre Qatar y Ecuador por el Mundial 2022 podr\u00eda adelantarse un d\u00eda a lo previsto y varios medios de comunicaci\u00f3n reportaron la novedad basados en fuentes cercanas a la organizaci\u00f3n del certamen.<\/p>\n\n\n\n<p>Seg\u00fan la informaci\u00f3n de las fuentes, la FIFA estar\u00eda analizando la opci\u00f3n y en las pr\u00f3ximas horas se podr\u00eda pronunciar de forma oficial al respecto, pues el Comit\u00e9 del Consejo de la FIFA debe aceptar y aprobar el cambio.<\/p>\n\n\n\n<p>As\u00ed se mantendr\u00eda la tradici\u00f3n que hace que el pa\u00eds due\u00f1o de casa juegue el primer encuentro del Mundial.<\/p>\n\n\n\n<p>Varias agencias internacionales reportan que la fuente, protegida bajo anonimato, la petici\u00f3n del adelanto habr\u00eda salido desde la CONMEBOL y un acuerdo entre los pa\u00edses participantes en el encuentro.<\/p>\n\n\n\n<p>Hasta el momento, Senegal y Pa\u00edses Bajos deb\u00edan jugar el primer partido oficial del Mundial 2022 y luego estaba pautado el encuentro entre Qatar y Ecuador, el que ser\u00eda el choque de apertura del certamen, pero todo podr\u00eda cambiar. Fuente: Ecuador en Vivo<\/p>\n","protected":false},"excerpt":{"rendered":"<p>El partido entre Qatar y Ecuador por el Mundial 2022 podr\u00eda adelantarse un d\u00eda a lo previsto y varios medios de comunicaci\u00f3n reportaron la novedad basados en fuentes cercanas a la organizaci\u00f3n del certamen. Seg\u00fan la informaci\u00f3n de las fuentes, la FIFA estar\u00eda analizando la opci\u00f3n y en las pr\u00f3ximas horas se podr\u00eda pronunciar de forma oficial al respecto, pues el Comit\u00e9 del Consejo de la FIFA debe aceptar y aprobar el cambio. As\u00ed se mantendr\u00eda la tradici\u00f3n que hace que el pa\u00eds due\u00f1o de casa juegue el primer encuentro del Mundial. Varias agencias internacionales reportan que la fuente, protegida bajo anonimato, la petici\u00f3n del adelanto habr\u00eda salido desde la CONMEBOL y un acuerdo entre los pa\u00edses participantes en el encuentro. Hasta el momento, Senegal y Pa\u00edses Bajos deb\u00edan jugar el primer partido oficial del Mundial 2022 y luego estaba pautado el encuentro entre Qatar y Ecuador, el que ser\u00eda el choque de apertura del certamen, pero todo podr\u00eda cambiar. Fuente: Ecuador en Vivo<\/p>\n","protected":false},"author":1,"featured_media":5361,"comment_status":"open","ping_status":"open","sticky":false,"template":"","format":"standard","meta":{"footnotes":""},"categories":[1],"tags":[],"class_list":["post-5360","post","type-post","status-publish","format-standard","has-post-thumbnail","hentry","category-uncategorized"],"_links":{"self":[{"href":"https:\/\/www.elamazonico.com\/portal\/wp-json\/wp\/v2\/posts\/5360","targetHints":{"allow":["GET"]}}],"collection":[{"href":"https:\/\/www.elamazonico.com\/portal\/wp-json\/wp\/v2\/posts"}],"about":[{"href":"https:\/\/www.elamazonico.com\/portal\/wp-json\/wp\/v2\/types\/post"}],"author":[{"embeddable":true,"href":"https:\/\/www.elamazonico.com\/portal\/wp-json\/wp\/v2\/users\/1"}],"replies":[{"embeddable":true,"href":"https:\/\/www.elamazonico.com\/portal\/wp-json\/wp\/v2\/comments?post=5360"}],"version-history":[{"count":1,"href":"https:\/\/www.elamazonico.com\/portal\/wp-json\/wp\/v2\/posts\/5360\/revisions"}],"predecessor-version":[{"id":5362,"href":"https:\/\/www.elamazonico.com\/portal\/wp-json\/wp\/v2\/posts\/5360\/revisions\/5362"}],"wp:featuredmedia":[{"embeddable":true,"href":"https:\/\/www.elamazonico.com\/portal\/wp-json\/wp\/v2\/media\/5361"}],"wp:attachment":[{"href":"https:\/\/www.elamazonico.com\/portal\/wp-json\/wp\/v2\/media?parent=5360"}],"wp:term":[{"taxonomy":"category","embeddable":true,"href":"https:\/\/www.elamazonico.com\/portal\/wp-json\/wp\/v2\/categories?post=5360"},{"taxonomy":"post_tag","embeddable":true,"href":"https:\/\/www.elamazonico.com\/portal\/wp-json\/wp\/v2\/tags?post=5360"}],"curies":[{"name":"wp","href":"https:\/\/api.w.org\/{rel}","templated":true}]}}