{"id":5357,"date":"2022-08-10T12:32:27","date_gmt":"2022-08-10T17:32:27","guid":{"rendered":"https:\/\/www.elamazonico.com\/portal\/?p=5357"},"modified":"2022-08-10T12:32:36","modified_gmt":"2022-08-10T17:32:36","slug":"gobierno-proyecta-mas-de-usd-13-millones-para-inversion-social","status":"publish","type":"post","link":"https:\/\/www.elamazonico.com\/portal\/gobierno-proyecta-mas-de-usd-13-millones-para-inversion-social\/","title":{"rendered":"Gobierno proyecta m\u00e1s de USD 13 millones para inversi\u00f3n social"},"content":{"rendered":"\n<p>Seg\u00fan proyecciones realizadas por el Gobierno Nacional se informa que, en promedio, esta administraci\u00f3n destinar\u00e1 una mayor inversi\u00f3n social. A trav\u00e9s del Ministerio de Gobierno se anuncia que el volumen de recursos destinados a financiar pol\u00edticas relacionadas a la educaci\u00f3n, salud, bienestar social, vivienda y trabajo alcanzan los USD 13.031 millones en lo que corresponde al 2021 \u2013 2021.<\/p>\n\n\n\n<p>Con estos montos se supera lo que administraciones pasadas destinaron para este tipo de inversiones. Seg\u00fan datos oficiales, entre 2017 y 2020, esa administraci\u00f3n destin\u00f3 USD 11.218 millones en promedio, mientras que en el per\u00edodo de 2010 \u2013 2016 tan solo se invirtieron USD 8.117 millones para financiar pol\u00edticas sociales Fuente: El Tel\u00e9grafo<\/p>\n\n\n\n<figure class=\"wp-block-embed is-type-rich is-provider-twitter wp-block-embed-twitter\"><div class=\"wp-block-embed__wrapper\">\n<blockquote class=\"twitter-tweet\" data-width=\"550\" data-dnt=\"true\"><p lang=\"es\" dir=\"ltr\">Guillermo Lasso envi\u00f3 un mensaje en el marco de la celebraci\u00f3n del aniversario del Primer Grito de Independencia \u25ba <a href=\"https:\/\/t.co\/yMiB5Nci17\">https:\/\/t.co\/yMiB5Nci17<\/a> <a href=\"https:\/\/t.co\/ygalSMJ6qQ\">pic.twitter.com\/ygalSMJ6qQ<\/a><\/p>&mdash; El Tel\u00e9grafo Ecuador (@el_telegrafo) <a href=\"https:\/\/twitter.com\/el_telegrafo\/status\/1557377672774311936?ref_src=twsrc%5Etfw\">August 10, 2022<\/a><\/blockquote><script async src=\"https:\/\/platform.twitter.com\/widgets.js\" charset=\"utf-8\"><\/script>\n<\/div><\/figure>\n","protected":false},"excerpt":{"rendered":"<p>Seg\u00fan proyecciones realizadas por el Gobierno Nacional se informa que, en promedio, esta administraci\u00f3n destinar\u00e1 una mayor inversi\u00f3n social. A trav\u00e9s del Ministerio de Gobierno se anuncia que el volumen de recursos destinados a financiar pol\u00edticas relacionadas a la educaci\u00f3n, salud, bienestar social, vivienda y trabajo alcanzan los USD 13.031 millones en lo que corresponde al 2021 \u2013 2021. Con estos montos se supera lo que administraciones pasadas destinaron para este tipo de inversiones. Seg\u00fan datos oficiales, entre 2017 y 2020, esa administraci\u00f3n destin\u00f3 USD 11.218 millones en promedio, mientras que en el per\u00edodo de 2010 \u2013 2016 tan solo se invirtieron USD 8.117 millones para financiar pol\u00edticas sociales Fuente: El Tel\u00e9grafo<\/p>\n","protected":false},"author":1,"featured_media":5358,"comment_status":"open","ping_status":"open","sticky":false,"template":"","format":"standard","meta":{"footnotes":""},"categories":[268],"tags":[],"class_list":["post-5357","post","type-post","status-publish","format-standard","has-post-thumbnail","hentry","category-nacionales"],"_links":{"self":[{"href":"https:\/\/www.elamazonico.com\/portal\/wp-json\/wp\/v2\/posts\/5357","targetHints":{"allow":["GET"]}}],"collection":[{"href":"https:\/\/www.elamazonico.com\/portal\/wp-json\/wp\/v2\/posts"}],"about":[{"href":"https:\/\/www.elamazonico.com\/portal\/wp-json\/wp\/v2\/types\/post"}],"author":[{"embeddable":true,"href":"https:\/\/www.elamazonico.com\/portal\/wp-json\/wp\/v2\/users\/1"}],"replies":[{"embeddable":true,"href":"https:\/\/www.elamazonico.com\/portal\/wp-json\/wp\/v2\/comments?post=5357"}],"version-history":[{"count":1,"href":"https:\/\/www.elamazonico.com\/portal\/wp-json\/wp\/v2\/posts\/5357\/revisions"}],"predecessor-version":[{"id":5359,"href":"https:\/\/www.elamazonico.com\/portal\/wp-json\/wp\/v2\/posts\/5357\/revisions\/5359"}],"wp:featuredmedia":[{"embeddable":true,"href":"https:\/\/www.elamazonico.com\/portal\/wp-json\/wp\/v2\/media\/5358"}],"wp:attachment":[{"href":"https:\/\/www.elamazonico.com\/portal\/wp-json\/wp\/v2\/media?parent=5357"}],"wp:term":[{"taxonomy":"category","embeddable":true,"href":"https:\/\/www.elamazonico.com\/portal\/wp-json\/wp\/v2\/categories?post=5357"},{"taxonomy":"post_tag","embeddable":true,"href":"https:\/\/www.elamazonico.com\/portal\/wp-json\/wp\/v2\/tags?post=5357"}],"curies":[{"name":"wp","href":"https:\/\/api.w.org\/{rel}","templated":true}]}}