{"id":5354,"date":"2022-08-10T12:18:17","date_gmt":"2022-08-10T17:18:17","guid":{"rendered":"https:\/\/www.elamazonico.com\/portal\/?p=5354"},"modified":"2022-08-10T12:18:21","modified_gmt":"2022-08-10T17:18:21","slug":"bde-aprobo-el-proyecto-de-segunda-etapa-de-regeneracion-urbana-para-paquisha","status":"publish","type":"post","link":"https:\/\/www.elamazonico.com\/portal\/bde-aprobo-el-proyecto-de-segunda-etapa-de-regeneracion-urbana-para-paquisha\/","title":{"rendered":"BDE aprob\u00f3 el proyecto de Segunda Etapa de Regeneraci\u00f3n Urbana para Paquisha"},"content":{"rendered":"\n<p>Esta importante obra se construir\u00e1 con mano de obra local y con ello se generar\u00e1 plazas de trabajo y dinamizar\u00e1 la econom\u00eda en el cant\u00f3n.<\/p>\n\n\n\n<p>Se trata de la Segunda Etapa de la Regeneraci\u00f3n Urbana para Paquisha; as\u00ed lo afirm\u00f3 \u00c1ngel Calva, alcalde de Paquisha, tras la aprobaci\u00f3n del Proyecto por parte del BDE, el pronunciamiento lo hizo p\u00fablicamente junto a Jorge Z\u00e1rate, Gerente del Banco de Desarrollo del Ecuador, Sucursal de Loja.<\/p>\n\n\n\n<p>El proyecto a ejecutarse comprende en el asfaltado para las calles P\u00edo Jaramillo, Calle 10 de agosto hasta la Av. Mayaicu, las calles Cabo Daniel Mart\u00ednez, la Bol\u00edvar Quezada, calle 24 de mayo y R\u00edo Cenepa.<\/p>\n\n\n\n<p>El monto bordea el mill\u00f3n de d\u00f3lares y es el resultado de la importante gesti\u00f3n por parte de la autoridad cantonal. Con esto estamos cumpliendo con las necesidades b\u00e1sicas y que son muy importantes para la salud de las personas. <\/p>\n","protected":false},"excerpt":{"rendered":"<p>Esta importante obra se construir\u00e1 con mano de obra local y con ello se generar\u00e1 plazas de trabajo y dinamizar\u00e1 la econom\u00eda en el cant\u00f3n. Se trata de la Segunda Etapa de la Regeneraci\u00f3n Urbana para Paquisha; as\u00ed lo afirm\u00f3 \u00c1ngel Calva, alcalde de Paquisha, tras la aprobaci\u00f3n del Proyecto por parte del BDE, el pronunciamiento lo hizo p\u00fablicamente junto a Jorge Z\u00e1rate, Gerente del Banco de Desarrollo del Ecuador, Sucursal de Loja. El proyecto a ejecutarse comprende en el asfaltado para las calles P\u00edo Jaramillo, Calle 10 de agosto hasta la Av. Mayaicu, las calles Cabo Daniel Mart\u00ednez, la Bol\u00edvar Quezada, calle 24 de mayo y R\u00edo Cenepa. El monto bordea el mill\u00f3n de d\u00f3lares y es el resultado de la importante gesti\u00f3n por parte de la autoridad cantonal. Con esto estamos cumpliendo con las necesidades b\u00e1sicas y que son muy importantes para la salud de las personas.<\/p>\n","protected":false},"author":1,"featured_media":5355,"comment_status":"open","ping_status":"open","sticky":false,"template":"","format":"standard","meta":{"footnotes":""},"categories":[243],"tags":[],"class_list":["post-5354","post","type-post","status-publish","format-standard","has-post-thumbnail","hentry","category-noticias-zamora"],"_links":{"self":[{"href":"https:\/\/www.elamazonico.com\/portal\/wp-json\/wp\/v2\/posts\/5354","targetHints":{"allow":["GET"]}}],"collection":[{"href":"https:\/\/www.elamazonico.com\/portal\/wp-json\/wp\/v2\/posts"}],"about":[{"href":"https:\/\/www.elamazonico.com\/portal\/wp-json\/wp\/v2\/types\/post"}],"author":[{"embeddable":true,"href":"https:\/\/www.elamazonico.com\/portal\/wp-json\/wp\/v2\/users\/1"}],"replies":[{"embeddable":true,"href":"https:\/\/www.elamazonico.com\/portal\/wp-json\/wp\/v2\/comments?post=5354"}],"version-history":[{"count":1,"href":"https:\/\/www.elamazonico.com\/portal\/wp-json\/wp\/v2\/posts\/5354\/revisions"}],"predecessor-version":[{"id":5356,"href":"https:\/\/www.elamazonico.com\/portal\/wp-json\/wp\/v2\/posts\/5354\/revisions\/5356"}],"wp:featuredmedia":[{"embeddable":true,"href":"https:\/\/www.elamazonico.com\/portal\/wp-json\/wp\/v2\/media\/5355"}],"wp:attachment":[{"href":"https:\/\/www.elamazonico.com\/portal\/wp-json\/wp\/v2\/media?parent=5354"}],"wp:term":[{"taxonomy":"category","embeddable":true,"href":"https:\/\/www.elamazonico.com\/portal\/wp-json\/wp\/v2\/categories?post=5354"},{"taxonomy":"post_tag","embeddable":true,"href":"https:\/\/www.elamazonico.com\/portal\/wp-json\/wp\/v2\/tags?post=5354"}],"curies":[{"name":"wp","href":"https:\/\/api.w.org\/{rel}","templated":true}]}}