{"id":5348,"date":"2022-08-10T10:13:33","date_gmt":"2022-08-10T15:13:33","guid":{"rendered":"https:\/\/www.elamazonico.com\/portal\/?p=5348"},"modified":"2022-08-10T10:13:44","modified_gmt":"2022-08-10T15:13:44","slug":"incertidumbre-y-fragmentacion-en-las-proximas-elecciones","status":"publish","type":"post","link":"https:\/\/www.elamazonico.com\/portal\/incertidumbre-y-fragmentacion-en-las-proximas-elecciones\/","title":{"rendered":"Incertidumbre y fragmentaci\u00f3n en las pr\u00f3ximas elecciones"},"content":{"rendered":"\n<p>Selena L\u00f3pez, polit\u00f3loga, manifest\u00f3 que las primarias es el reflejo de c\u00f3mo funciona el sistema de partidos en el pa\u00eds, y la falta de \u201cnacionalizaci\u00f3n\u201d de los partidos, adem\u00e1s de ver mucha fragmentaci\u00f3n pol\u00edtica e incertidumbre. \u201cNo hay un partido pol\u00edtico que pueda reclamar el monopolio de la representaci\u00f3n a nivel de todo el pa\u00eds\u201d.<\/p>\n\n\n\n<p>Carlos Aguinaga, analista, refiri\u00f3 que se tiene una ley electoral, llamada C\u00f3digo de la Democracia, que ha sido revisada 35 veces. Dijo que no hay una reforma electoral t\u00e9cnica que busque niveles de gobernabilidad. \u201cDebemos repensar en volver a distritos medianos y grandes\u201d.<\/p>\n\n\n\n<p>Tatiana Larrea, consultora, dijo que estas elecciones traen un indicador que marca los comicios: la poblaci\u00f3n ir\u00e1 a las urnas con un estado de \u00e1nimo negativo. Hay que comprender esto para entender cu\u00e1l ser\u00e1 el comportamiento del electorado en estas seccionales. Sonorama\/jtr. Fuente: Ecuador en Vivo <\/p>\n","protected":false},"excerpt":{"rendered":"<p>Selena L\u00f3pez, polit\u00f3loga, manifest\u00f3 que las primarias es el reflejo de c\u00f3mo funciona el sistema de partidos en el pa\u00eds, y la falta de \u201cnacionalizaci\u00f3n\u201d de los partidos, adem\u00e1s de ver mucha fragmentaci\u00f3n pol\u00edtica e incertidumbre. \u201cNo hay un partido pol\u00edtico que pueda reclamar el monopolio de la representaci\u00f3n a nivel de todo el pa\u00eds\u201d. Carlos Aguinaga, analista, refiri\u00f3 que se tiene una ley electoral, llamada C\u00f3digo de la Democracia, que ha sido revisada 35 veces. Dijo que no hay una reforma electoral t\u00e9cnica que busque niveles de gobernabilidad. \u201cDebemos repensar en volver a distritos medianos y grandes\u201d. Tatiana Larrea, consultora, dijo que estas elecciones traen un indicador que marca los comicios: la poblaci\u00f3n ir\u00e1 a las urnas con un estado de \u00e1nimo negativo. Hay que comprender esto para entender cu\u00e1l ser\u00e1 el comportamiento del electorado en estas seccionales. Sonorama\/jtr. Fuente: Ecuador en Vivo<\/p>\n","protected":false},"author":1,"featured_media":5349,"comment_status":"open","ping_status":"open","sticky":false,"template":"","format":"standard","meta":{"footnotes":""},"categories":[268],"tags":[],"class_list":["post-5348","post","type-post","status-publish","format-standard","has-post-thumbnail","hentry","category-nacionales"],"_links":{"self":[{"href":"https:\/\/www.elamazonico.com\/portal\/wp-json\/wp\/v2\/posts\/5348","targetHints":{"allow":["GET"]}}],"collection":[{"href":"https:\/\/www.elamazonico.com\/portal\/wp-json\/wp\/v2\/posts"}],"about":[{"href":"https:\/\/www.elamazonico.com\/portal\/wp-json\/wp\/v2\/types\/post"}],"author":[{"embeddable":true,"href":"https:\/\/www.elamazonico.com\/portal\/wp-json\/wp\/v2\/users\/1"}],"replies":[{"embeddable":true,"href":"https:\/\/www.elamazonico.com\/portal\/wp-json\/wp\/v2\/comments?post=5348"}],"version-history":[{"count":1,"href":"https:\/\/www.elamazonico.com\/portal\/wp-json\/wp\/v2\/posts\/5348\/revisions"}],"predecessor-version":[{"id":5350,"href":"https:\/\/www.elamazonico.com\/portal\/wp-json\/wp\/v2\/posts\/5348\/revisions\/5350"}],"wp:featuredmedia":[{"embeddable":true,"href":"https:\/\/www.elamazonico.com\/portal\/wp-json\/wp\/v2\/media\/5349"}],"wp:attachment":[{"href":"https:\/\/www.elamazonico.com\/portal\/wp-json\/wp\/v2\/media?parent=5348"}],"wp:term":[{"taxonomy":"category","embeddable":true,"href":"https:\/\/www.elamazonico.com\/portal\/wp-json\/wp\/v2\/categories?post=5348"},{"taxonomy":"post_tag","embeddable":true,"href":"https:\/\/www.elamazonico.com\/portal\/wp-json\/wp\/v2\/tags?post=5348"}],"curies":[{"name":"wp","href":"https:\/\/api.w.org\/{rel}","templated":true}]}}