{"id":5267,"date":"2022-08-05T06:02:31","date_gmt":"2022-08-05T11:02:31","guid":{"rendered":"https:\/\/www.elamazonico.com\/portal\/?p=5267"},"modified":"2022-08-05T06:02:36","modified_gmt":"2022-08-05T11:02:36","slug":"la-semana-rosa-llega-a-portovelo","status":"publish","type":"post","link":"https:\/\/www.elamazonico.com\/portal\/la-semana-rosa-llega-a-portovelo\/","title":{"rendered":"La Semana Rosa llega a Portovelo"},"content":{"rendered":"\n<p><em>El Ministerio de Educaci\u00f3n impulsa la iniciativa que promueve la lectura como centro de encuentro e intercambio de saberes en la comunidad educativa.<\/em><\/p>\n\n\n\n<p>Dentro del cronograma establecido por el Ministerio de Educaci\u00f3n para las activaciones de la pol\u00edtica educativa \u201cJuntos Leemos\u201d se desarroll\u00f3 el evento los oficios de la lectura: \u201cRecital de poes\u00eda\u201d con el escritor Roy Sig\u00fcenza en la Unidad Educativa 13 de Mayo del cant\u00f3n Portovelo, provincia de El Oro.<\/p>\n\n\n\n<p>Participaron estudiantes de 2.\u00b0 y 3.\u00b0 de Bachillerato. Conocieron la experiencia del autor en el \u00e1mbito de las letras y la poes\u00eda. Roy Sig\u00fcenza fue finalista del Premio Nacional Eugenio Espejo 2022 impulsado por el Ministerio de Cultura y Patrimonio.<\/p>\n\n\n\n<p>Previo al evento, estudiantes de Educaci\u00f3n General B\u00e1sica realizaron una calle de honor y entregaron una corona como apoyo para el escritor orense.<\/p>\n\n\n\n<p>Efra\u00edn Ord\u00f3\u00f1ez, director del Distrito 07D03 Zaruma-Portovelo-Atahualpa, se refiri\u00f3 a la importancia de la Semana Rosa y la Fiesta de la Lectura. \u201cM\u00e1s vale dedicarse a cultivar h\u00e1bitos de la lectura y el estudio que dedicarnos a otros menesteres\u201d, manifest\u00f3.<\/p>\n\n\n\n<p>Roy Sig\u00fcenza salud\u00f3 a los ni\u00f1os y j\u00f3venes. \u201cMe parece que esta actividad es muy importante y coincide en la instituci\u00f3n en la que me eduqu\u00e9. Vine para tener una lectura de mi poes\u00eda y tener un encuentro con ustedes y esa es una novedad que me conmueve y tambi\u00e9n me invita al aplauso\u201d.<\/p>\n\n\n\n<p>El Ministerio de Educaci\u00f3n, a trav\u00e9s del eje de gesti\u00f3n \u201cExcelencia Educativa\u201d, promueve el fortalecimiento del comportamiento lector en la poblaci\u00f3n ecuatoriana como parte del mejoramiento de la calidad del proceso de ense\u00f1anza-aprendizaje.<\/p>\n","protected":false},"excerpt":{"rendered":"<p>El Ministerio de Educaci\u00f3n impulsa la iniciativa que promueve la lectura como centro de encuentro e intercambio de saberes en la comunidad educativa. Dentro del cronograma establecido por el Ministerio de Educaci\u00f3n para las activaciones de la pol\u00edtica educativa \u201cJuntos Leemos\u201d se desarroll\u00f3 el evento los oficios de la lectura: \u201cRecital de poes\u00eda\u201d con el escritor Roy Sig\u00fcenza en la Unidad Educativa 13 de Mayo del cant\u00f3n Portovelo, provincia de El Oro. Participaron estudiantes de 2.\u00b0 y 3.\u00b0 de Bachillerato. Conocieron la experiencia del autor en el \u00e1mbito de las letras y la poes\u00eda. Roy Sig\u00fcenza fue finalista del Premio Nacional Eugenio Espejo 2022 impulsado por el Ministerio de Cultura y Patrimonio. Previo al evento, estudiantes de Educaci\u00f3n General B\u00e1sica realizaron una calle de honor y entregaron una corona como apoyo para el escritor orense. Efra\u00edn Ord\u00f3\u00f1ez, director del Distrito 07D03 Zaruma-Portovelo-Atahualpa, se refiri\u00f3 a la importancia de la Semana Rosa y la Fiesta de la Lectura. \u201cM\u00e1s vale dedicarse a cultivar h\u00e1bitos de la lectura y el estudio que dedicarnos a otros menesteres\u201d, manifest\u00f3. Roy Sig\u00fcenza salud\u00f3 a los ni\u00f1os y j\u00f3venes. \u201cMe parece que esta actividad es muy importante y coincide en la instituci\u00f3n en la que me eduqu\u00e9. Vine para tener una lectura de mi poes\u00eda y tener un encuentro con ustedes y esa es una novedad que me conmueve y tambi\u00e9n me invita al aplauso\u201d. El Ministerio de Educaci\u00f3n, a trav\u00e9s del eje de gesti\u00f3n \u201cExcelencia Educativa\u201d, promueve el fortalecimiento del comportamiento lector en la poblaci\u00f3n ecuatoriana como parte del mejoramiento de la calidad del proceso de ense\u00f1anza-aprendizaje.<\/p>\n","protected":false},"author":1,"featured_media":5268,"comment_status":"open","ping_status":"open","sticky":false,"template":"","format":"standard","meta":{"footnotes":""},"categories":[268],"tags":[],"class_list":["post-5267","post","type-post","status-publish","format-standard","has-post-thumbnail","hentry","category-nacionales"],"_links":{"self":[{"href":"https:\/\/www.elamazonico.com\/portal\/wp-json\/wp\/v2\/posts\/5267","targetHints":{"allow":["GET"]}}],"collection":[{"href":"https:\/\/www.elamazonico.com\/portal\/wp-json\/wp\/v2\/posts"}],"about":[{"href":"https:\/\/www.elamazonico.com\/portal\/wp-json\/wp\/v2\/types\/post"}],"author":[{"embeddable":true,"href":"https:\/\/www.elamazonico.com\/portal\/wp-json\/wp\/v2\/users\/1"}],"replies":[{"embeddable":true,"href":"https:\/\/www.elamazonico.com\/portal\/wp-json\/wp\/v2\/comments?post=5267"}],"version-history":[{"count":1,"href":"https:\/\/www.elamazonico.com\/portal\/wp-json\/wp\/v2\/posts\/5267\/revisions"}],"predecessor-version":[{"id":5269,"href":"https:\/\/www.elamazonico.com\/portal\/wp-json\/wp\/v2\/posts\/5267\/revisions\/5269"}],"wp:featuredmedia":[{"embeddable":true,"href":"https:\/\/www.elamazonico.com\/portal\/wp-json\/wp\/v2\/media\/5268"}],"wp:attachment":[{"href":"https:\/\/www.elamazonico.com\/portal\/wp-json\/wp\/v2\/media?parent=5267"}],"wp:term":[{"taxonomy":"category","embeddable":true,"href":"https:\/\/www.elamazonico.com\/portal\/wp-json\/wp\/v2\/categories?post=5267"},{"taxonomy":"post_tag","embeddable":true,"href":"https:\/\/www.elamazonico.com\/portal\/wp-json\/wp\/v2\/tags?post=5267"}],"curies":[{"name":"wp","href":"https:\/\/api.w.org\/{rel}","templated":true}]}}