{"id":5251,"date":"2022-08-04T07:05:42","date_gmt":"2022-08-04T12:05:42","guid":{"rendered":"https:\/\/www.elamazonico.com\/portal\/?p=5251"},"modified":"2022-08-04T07:05:49","modified_gmt":"2022-08-04T12:05:49","slug":"ahora-la-escuela-esta-cerca-de-mi-casa-y-ya-no-tengo-que-madrugar","status":"publish","type":"post","link":"https:\/\/www.elamazonico.com\/portal\/ahora-la-escuela-esta-cerca-de-mi-casa-y-ya-no-tengo-que-madrugar\/","title":{"rendered":"\u2018Ahora la escuela est\u00e1 cerca de mi casa y ya no tengo que madrugar\u2019"},"content":{"rendered":"\n<p><em>El Ministerio de Educaci\u00f3n invirti\u00f3 65.000 d\u00f3lares <a>en un bloque de dos aulas, comedor, cocina, bater\u00eda sanitaria, cancha de uso m\u00faltiple y juegos recreativos.<\/a><\/em><\/p>\n\n\n\n<p>Levantarse a las 05h00 y tomar la ranchera hasta la ciudad de Gonzanam\u00e1. Esa era la rutina diaria de Valentina Samaniego Andrade para recibir clases. Ella vive en el barrio Santa B\u00e1rbara que pertenece al cant\u00f3n Quilanga, en la provincia de Loja.<\/p>\n\n\n\n<p>La Escuela Francisco Javier Riofr\u00edo, ubicada en el sector, fue cerrada el 29 de mayo de 2015 y desde entonces los ni\u00f1os compart\u00edan la ruta de Valentina. Esa realidad cambi\u00f3 en el a\u00f1o lectivo 2022-2023 del r\u00e9gimen Costa.<\/p>\n\n\n\n<p>\u201cEstoy contenta porque ya no tengo que madrugar, la escuela est\u00e1 muy cerca de mi casa\u201d, comenta Valentina. 13 estudiantes reciben clases de la maestra Mercy Salinas en una infraestructura en buenas condiciones.<\/p>\n\n\n\n<p>Camilo Espinosa Pereira, coordinador de Educaci\u00f3n Zona 7; junto al director del Distrito 11D06, Patricio Lima, fueron los encargados de hacer la reapertura oficial de la escuela.<\/p>\n\n\n\n<p>\u201cQuiero comunicarles que hemos invertido 65.000 d\u00f3lares en un bloque de dos aulas, comedor, cocina, bater\u00eda sanitaria, cancha de uso m\u00faltiple y juegos recreativos\u201d, se\u00f1al\u00f3 Espinosa.<\/p>\n\n\n\n<p>Por su parte Oswaldo Samaniego, representante de los padres de familia, asumi\u00f3 el compromiso de cuidar las instalaciones para evitar su deterioro. Destac\u00f3 la importancia que tiene para la comunidad, reabrir la instituci\u00f3n educativa.<\/p>\n\n\n\n<p>La reapertura de escuelas rurales garantiza el servicio educativo a las poblaciones m\u00e1s alejadas y brinda, a las comunidades, un espacio en el que desarrollan din\u00e1micas de conexi\u00f3n y desarrollo econ\u00f3mico y cultural.<\/p>\n","protected":false},"excerpt":{"rendered":"<p>El Ministerio de Educaci\u00f3n invirti\u00f3 65.000 d\u00f3lares en un bloque de dos aulas, comedor, cocina, bater\u00eda sanitaria, cancha de uso m\u00faltiple y juegos recreativos. Levantarse a las 05h00 y tomar la ranchera hasta la ciudad de Gonzanam\u00e1. Esa era la rutina diaria de Valentina Samaniego Andrade para recibir clases. Ella vive en el barrio Santa B\u00e1rbara que pertenece al cant\u00f3n Quilanga, en la provincia de Loja. La Escuela Francisco Javier Riofr\u00edo, ubicada en el sector, fue cerrada el 29 de mayo de 2015 y desde entonces los ni\u00f1os compart\u00edan la ruta de Valentina. Esa realidad cambi\u00f3 en el a\u00f1o lectivo 2022-2023 del r\u00e9gimen Costa. \u201cEstoy contenta porque ya no tengo que madrugar, la escuela est\u00e1 muy cerca de mi casa\u201d, comenta Valentina. 13 estudiantes reciben clases de la maestra Mercy Salinas en una infraestructura en buenas condiciones. Camilo Espinosa Pereira, coordinador de Educaci\u00f3n Zona 7; junto al director del Distrito 11D06, Patricio Lima, fueron los encargados de hacer la reapertura oficial de la escuela. \u201cQuiero comunicarles que hemos invertido 65.000 d\u00f3lares en un bloque de dos aulas, comedor, cocina, bater\u00eda sanitaria, cancha de uso m\u00faltiple y juegos recreativos\u201d, se\u00f1al\u00f3 Espinosa. Por su parte Oswaldo Samaniego, representante de los padres de familia, asumi\u00f3 el compromiso de cuidar las instalaciones para evitar su deterioro. Destac\u00f3 la importancia que tiene para la comunidad, reabrir la instituci\u00f3n educativa. La reapertura de escuelas rurales garantiza el servicio educativo a las poblaciones m\u00e1s alejadas y brinda, a las comunidades, un espacio en el que desarrollan din\u00e1micas de conexi\u00f3n y desarrollo econ\u00f3mico y cultural.<\/p>\n","protected":false},"author":1,"featured_media":5252,"comment_status":"open","ping_status":"open","sticky":false,"template":"","format":"standard","meta":{"footnotes":""},"categories":[243],"tags":[],"class_list":["post-5251","post","type-post","status-publish","format-standard","has-post-thumbnail","hentry","category-noticias-zamora"],"_links":{"self":[{"href":"https:\/\/www.elamazonico.com\/portal\/wp-json\/wp\/v2\/posts\/5251","targetHints":{"allow":["GET"]}}],"collection":[{"href":"https:\/\/www.elamazonico.com\/portal\/wp-json\/wp\/v2\/posts"}],"about":[{"href":"https:\/\/www.elamazonico.com\/portal\/wp-json\/wp\/v2\/types\/post"}],"author":[{"embeddable":true,"href":"https:\/\/www.elamazonico.com\/portal\/wp-json\/wp\/v2\/users\/1"}],"replies":[{"embeddable":true,"href":"https:\/\/www.elamazonico.com\/portal\/wp-json\/wp\/v2\/comments?post=5251"}],"version-history":[{"count":1,"href":"https:\/\/www.elamazonico.com\/portal\/wp-json\/wp\/v2\/posts\/5251\/revisions"}],"predecessor-version":[{"id":5253,"href":"https:\/\/www.elamazonico.com\/portal\/wp-json\/wp\/v2\/posts\/5251\/revisions\/5253"}],"wp:featuredmedia":[{"embeddable":true,"href":"https:\/\/www.elamazonico.com\/portal\/wp-json\/wp\/v2\/media\/5252"}],"wp:attachment":[{"href":"https:\/\/www.elamazonico.com\/portal\/wp-json\/wp\/v2\/media?parent=5251"}],"wp:term":[{"taxonomy":"category","embeddable":true,"href":"https:\/\/www.elamazonico.com\/portal\/wp-json\/wp\/v2\/categories?post=5251"},{"taxonomy":"post_tag","embeddable":true,"href":"https:\/\/www.elamazonico.com\/portal\/wp-json\/wp\/v2\/tags?post=5251"}],"curies":[{"name":"wp","href":"https:\/\/api.w.org\/{rel}","templated":true}]}}