{"id":5248,"date":"2022-08-04T06:22:02","date_gmt":"2022-08-04T11:22:02","guid":{"rendered":"https:\/\/www.elamazonico.com\/portal\/?p=5248"},"modified":"2022-08-04T06:22:09","modified_gmt":"2022-08-04T11:22:09","slug":"cafe-radio-de-palanda-celebro-su-primer-aniversario-de-creacion","status":"publish","type":"post","link":"https:\/\/www.elamazonico.com\/portal\/cafe-radio-de-palanda-celebro-su-primer-aniversario-de-creacion\/","title":{"rendered":"Caf\u00e9 radio de Palanda celebr\u00f3 su primer aniversario de creaci\u00f3n"},"content":{"rendered":"\n<p>La primera emisora de Palanda, Caf\u00e9 Radio, con frecuencia destinada para los cantones de Palanda y Chinchipe, se cre\u00f3 a partir de la necesidad de que estos cantones tengan medios de comunicaci\u00f3n locales. Por ello, El 31 de julio de 2021, fue la primera vez donde empezaron a emitir las ondas de prueba, para llegar a los oyentes de Palanda y Chinchipe con la frecuencia 100.1 FM. Y desde donde se genera la se\u00f1al informativa y de entretenimiento de Caf\u00e9 Radio. Posteriormente se extendi\u00f3 la se\u00f1al hasta otros cantones donde tiene la cobertura autorizada, a trav\u00e9s de la repetici\u00f3n 98.9 FM (Yantzatza, Centinela del C\u00f3ndor, Paquisha, Nangaritza, Zamora).<\/p>\n\n\n\n<p>Sus gerentes propietarios Paul Ortiz y su esposa Nancy Capa, comparte con la audiencia la trayectoria de su trabajo durante todo este a\u00f1o y el levantamiento de la infraestructura que tiene una gran acogida a nivel de toda la provincia. Tras haber obtenido un triunfo en un concurso p\u00fablico para la adjudicaci\u00f3n de frecuencias realizado por la Agencia de Regulaci\u00f3n y Control de las Telecomunicaciones (ARCOTEL), emprendieron este gran proyecto familiar y por la gran experiencia de Pa\u00fal Ortiz en el \u00e1mbito comunicacional.<\/p>\n\n\n\n<p>Con una gran compilaci\u00f3n de actividades y programaci\u00f3n se llev\u00f3 a cabo la celebraci\u00f3n de la radio. Con la compa\u00f1\u00eda de autoridades, colaboradores y presencia de artistas conmemoraron el primer a\u00f1o de aniversario de Caf\u00e9 Radio. Los mensajes de felicitaciones por parte de los oyentes no se hicieron esperar para los miembros de este medio de comunicaci\u00f3n. Contaron con la presencia de importantes autoridades pol\u00edticas, eclesi\u00e1sticas y artistas de la localidad.<\/p>\n\n\n\n<ul class=\"wp-block-list\"><li>Rvdo.&nbsp; Fabi\u00e1n Correa, p\u00e1rroco de Valladolid, bendici\u00f3n de las instalaciones.<\/li><li>Diego Esparza, asamble\u00edsta,<\/li><li>Isabel Enr\u00edquez, asamble\u00edsta<\/li><li>Gabriel Garrido, artista.<\/li><li>Jos\u00e9 Jim\u00e9nez, ciudadano destacado.<\/li><li>Alonso Cueva, artista<\/li><li>Jay Over, artista<\/li><li>Ramiro Ord\u00f3\u00f1ez, locutor.<\/li><\/ul>\n\n\n\n<p>A trav\u00e9s de la tecnolog\u00eda, mediante el transporte de datos de la web, fue posible llevar la calidad de audio hasta un cerro de Centinela del C\u00f3ndor, donde est\u00e1 la repetidora para los cantones de esta parte de la provincia, todo esto fue posible gracias al ingenio y dedicaci\u00f3n de quienes estuvieron en la parte t\u00e9cnica.<\/p>\n\n\n\n<p>El nombre de Caf\u00e9 Radio naci\u00f3 a partir de que visitaron las Ruinas de Palanda, y se decidieron porque en el seno de su hogar todos degustan el caf\u00e9 a toda hora. Zamora Chinchipe se caracteriza por ser un gran productor cafetalero y en Palanda que es cuna de este producto. El arduo trabajo que emprendi\u00f3 la familia est\u00e1 dando frutos, pues la radio conecta ciudades y cantones de la provincia, pese a estar geogr\u00e1ficamente distanciados.<\/p>\n","protected":false},"excerpt":{"rendered":"<p>La primera emisora de Palanda, Caf\u00e9 Radio, con frecuencia destinada para los cantones de Palanda y Chinchipe, se cre\u00f3 a partir de la necesidad de que estos cantones tengan medios de comunicaci\u00f3n locales. Por ello, El 31 de julio de 2021, fue la primera vez donde empezaron a emitir las ondas de prueba, para llegar a los oyentes de Palanda y Chinchipe con la frecuencia 100.1 FM. Y desde donde se genera la se\u00f1al informativa y de entretenimiento de Caf\u00e9 Radio. Posteriormente se extendi\u00f3 la se\u00f1al hasta otros cantones donde tiene la cobertura autorizada, a trav\u00e9s de la repetici\u00f3n 98.9 FM (Yantzatza, Centinela del C\u00f3ndor, Paquisha, Nangaritza, Zamora). Sus gerentes propietarios Paul Ortiz y su esposa Nancy Capa, comparte con la audiencia la trayectoria de su trabajo durante todo este a\u00f1o y el levantamiento de la infraestructura que tiene una gran acogida a nivel de toda la provincia. Tras haber obtenido un triunfo en un concurso p\u00fablico para la adjudicaci\u00f3n de frecuencias realizado por la Agencia de Regulaci\u00f3n y Control de las Telecomunicaciones (ARCOTEL), emprendieron este gran proyecto familiar y por la gran experiencia de Pa\u00fal Ortiz en el \u00e1mbito comunicacional. Con una gran compilaci\u00f3n de actividades y programaci\u00f3n se llev\u00f3 a cabo la celebraci\u00f3n de la radio. Con la compa\u00f1\u00eda de autoridades, colaboradores y presencia de artistas conmemoraron el primer a\u00f1o de aniversario de Caf\u00e9 Radio. Los mensajes de felicitaciones por parte de los oyentes no se hicieron esperar para los miembros de este medio de comunicaci\u00f3n. Contaron con la presencia de importantes autoridades pol\u00edticas, eclesi\u00e1sticas y artistas de la localidad. Rvdo.&nbsp; Fabi\u00e1n Correa, p\u00e1rroco de Valladolid, bendici\u00f3n de las instalaciones. Diego Esparza, asamble\u00edsta, Isabel Enr\u00edquez, asamble\u00edsta Gabriel Garrido, artista. Jos\u00e9 Jim\u00e9nez, ciudadano destacado. Alonso Cueva, artista Jay Over, artista Ramiro Ord\u00f3\u00f1ez, locutor. A trav\u00e9s de la tecnolog\u00eda, mediante el transporte de datos de la web, fue posible llevar la calidad de audio hasta un cerro de Centinela del C\u00f3ndor, donde est\u00e1 la repetidora para los cantones de esta parte de la provincia, todo esto fue posible gracias al ingenio y dedicaci\u00f3n de quienes estuvieron en la parte t\u00e9cnica. El nombre de Caf\u00e9 Radio naci\u00f3 a partir de que visitaron las Ruinas de Palanda, y se decidieron porque en el seno de su hogar todos degustan el caf\u00e9 a toda hora. Zamora Chinchipe se caracteriza por ser un gran productor cafetalero y en Palanda que es cuna de este producto. El arduo trabajo que emprendi\u00f3 la familia est\u00e1 dando frutos, pues la radio conecta ciudades y cantones de la provincia, pese a estar geogr\u00e1ficamente distanciados.<\/p>\n","protected":false},"author":1,"featured_media":5249,"comment_status":"open","ping_status":"open","sticky":false,"template":"","format":"standard","meta":{"footnotes":""},"categories":[243],"tags":[],"class_list":["post-5248","post","type-post","status-publish","format-standard","has-post-thumbnail","hentry","category-noticias-zamora"],"_links":{"self":[{"href":"https:\/\/www.elamazonico.com\/portal\/wp-json\/wp\/v2\/posts\/5248","targetHints":{"allow":["GET"]}}],"collection":[{"href":"https:\/\/www.elamazonico.com\/portal\/wp-json\/wp\/v2\/posts"}],"about":[{"href":"https:\/\/www.elamazonico.com\/portal\/wp-json\/wp\/v2\/types\/post"}],"author":[{"embeddable":true,"href":"https:\/\/www.elamazonico.com\/portal\/wp-json\/wp\/v2\/users\/1"}],"replies":[{"embeddable":true,"href":"https:\/\/www.elamazonico.com\/portal\/wp-json\/wp\/v2\/comments?post=5248"}],"version-history":[{"count":1,"href":"https:\/\/www.elamazonico.com\/portal\/wp-json\/wp\/v2\/posts\/5248\/revisions"}],"predecessor-version":[{"id":5250,"href":"https:\/\/www.elamazonico.com\/portal\/wp-json\/wp\/v2\/posts\/5248\/revisions\/5250"}],"wp:featuredmedia":[{"embeddable":true,"href":"https:\/\/www.elamazonico.com\/portal\/wp-json\/wp\/v2\/media\/5249"}],"wp:attachment":[{"href":"https:\/\/www.elamazonico.com\/portal\/wp-json\/wp\/v2\/media?parent=5248"}],"wp:term":[{"taxonomy":"category","embeddable":true,"href":"https:\/\/www.elamazonico.com\/portal\/wp-json\/wp\/v2\/categories?post=5248"},{"taxonomy":"post_tag","embeddable":true,"href":"https:\/\/www.elamazonico.com\/portal\/wp-json\/wp\/v2\/tags?post=5248"}],"curies":[{"name":"wp","href":"https:\/\/api.w.org\/{rel}","templated":true}]}}