{"id":5234,"date":"2022-08-03T07:02:24","date_gmt":"2022-08-03T12:02:24","guid":{"rendered":"https:\/\/www.elamazonico.com\/portal\/?p=5234"},"modified":"2022-08-03T07:02:28","modified_gmt":"2022-08-03T12:02:28","slug":"ministerio-invierte-97-mil-dolares-en-conservatorio-salvador-bustamante-celi","status":"publish","type":"post","link":"https:\/\/www.elamazonico.com\/portal\/ministerio-invierte-97-mil-dolares-en-conservatorio-salvador-bustamante-celi\/","title":{"rendered":"Ministerio invierte 97 mil d\u00f3lares en Conservatorio Salvador Bustamante Celi"},"content":{"rendered":"\n<p><em>El contratista tiene 45 d\u00edas de plazo para concluir los trabajos. Alrededor de mil estudiantes son los beneficiados. Coordinador Zonal constat\u00f3 el avance de las obras.<\/em><\/p>\n\n\n\n<p>Para solucionar los problemas emergentes que presenta la infraestructura del Conservatorio Salvador Bustamante Celi, el Ministerio de Educaci\u00f3n asign\u00f3 un monto de 97 mil d\u00f3lares. El contrato se firm\u00f3 el 20 de julio y el plazo de ejecuci\u00f3n es de 45 d\u00edas.<\/p>\n\n\n\n<p>Camilo Espinosa Pereira, coordinador de Educaci\u00f3n Zona 7, visit\u00f3 las instalaciones para constatar el avance de la obra: \u201cTenemos una inversi\u00f3n total en la Zona que est\u00e1 por encima de los cuatro millones, que es una inversi\u00f3n importante que hace el Gobierno del presidente Guillermo Lasso\u201d.<\/p>\n\n\n\n<p>Los trabajos consisten en la colocaci\u00f3n de cubiertas, canales recolectores de aguas lluvias y bajantes, mantenimiento de ba\u00f1os, esto en el bloque nuevo. En el teatro se realizar\u00e1 la impermeabilizaci\u00f3n de la losa para evitar filtraciones.<\/p>\n\n\n\n<p>En las bater\u00edas sanitarias se colocar\u00e1 cubierta y cer\u00e1mica en el piso. En el bloque tres, se cambiar\u00e1n las planchas de galvalume en el bloque de aulas principal. \u201cEstamos atendiendo lo m\u00e1s prioritario\u201d, manifest\u00f3 el Coordinador Zonal.<\/p>\n\n\n\n<p>Luc\u00eda Figueroa, rectora de la instituci\u00f3n, dijo que son alrededor de 1.000 estudiantes, al igual que el equipo docente, que al regresar a las aulas el 1 de septiembre de 2022, encontrar\u00e1n las instalaciones mejoradas.<\/p>\n\n\n\n<p>\u201cNuestro plantel tiene 50 a\u00f1os de construcci\u00f3n y presentaba inconvenientes por las filtraciones de agua. En el bloque nuevo, a pesar de tener aulas, no las pod\u00edamos utilizar, pero ahora vemos el avance de los trabajos por eso reiteremos el agradecimiento al Ministerio de Educaci\u00f3n que asign\u00f3 los recursos necesarios\u201d, agreg\u00f3 la rectora.<\/p>\n\n\n\n<p>La intervenci\u00f3n tambi\u00e9n permitir\u00e1 la protecci\u00f3n de los equipos musicales, como el piano de media cola que permanece en el teatro que estaba en peligro por la humedad generada por las lluvias.<\/p>\n\n\n\n<p>El Ministerio de Educaci\u00f3n por medio de una priorizaci\u00f3n de recursos atiende las necesidades emergentes de las instituciones educativas para garantizar el desarrollo de actividades en ambientes seguros y adecuados.<\/p>\n","protected":false},"excerpt":{"rendered":"<p>El contratista tiene 45 d\u00edas de plazo para concluir los trabajos. Alrededor de mil estudiantes son los beneficiados. Coordinador Zonal constat\u00f3 el avance de las obras. Para solucionar los problemas emergentes que presenta la infraestructura del Conservatorio Salvador Bustamante Celi, el Ministerio de Educaci\u00f3n asign\u00f3 un monto de 97 mil d\u00f3lares. El contrato se firm\u00f3 el 20 de julio y el plazo de ejecuci\u00f3n es de 45 d\u00edas. Camilo Espinosa Pereira, coordinador de Educaci\u00f3n Zona 7, visit\u00f3 las instalaciones para constatar el avance de la obra: \u201cTenemos una inversi\u00f3n total en la Zona que est\u00e1 por encima de los cuatro millones, que es una inversi\u00f3n importante que hace el Gobierno del presidente Guillermo Lasso\u201d. Los trabajos consisten en la colocaci\u00f3n de cubiertas, canales recolectores de aguas lluvias y bajantes, mantenimiento de ba\u00f1os, esto en el bloque nuevo. En el teatro se realizar\u00e1 la impermeabilizaci\u00f3n de la losa para evitar filtraciones. En las bater\u00edas sanitarias se colocar\u00e1 cubierta y cer\u00e1mica en el piso. En el bloque tres, se cambiar\u00e1n las planchas de galvalume en el bloque de aulas principal. \u201cEstamos atendiendo lo m\u00e1s prioritario\u201d, manifest\u00f3 el Coordinador Zonal. Luc\u00eda Figueroa, rectora de la instituci\u00f3n, dijo que son alrededor de 1.000 estudiantes, al igual que el equipo docente, que al regresar a las aulas el 1 de septiembre de 2022, encontrar\u00e1n las instalaciones mejoradas. \u201cNuestro plantel tiene 50 a\u00f1os de construcci\u00f3n y presentaba inconvenientes por las filtraciones de agua. En el bloque nuevo, a pesar de tener aulas, no las pod\u00edamos utilizar, pero ahora vemos el avance de los trabajos por eso reiteremos el agradecimiento al Ministerio de Educaci\u00f3n que asign\u00f3 los recursos necesarios\u201d, agreg\u00f3 la rectora. La intervenci\u00f3n tambi\u00e9n permitir\u00e1 la protecci\u00f3n de los equipos musicales, como el piano de media cola que permanece en el teatro que estaba en peligro por la humedad generada por las lluvias. El Ministerio de Educaci\u00f3n por medio de una priorizaci\u00f3n de recursos atiende las necesidades emergentes de las instituciones educativas para garantizar el desarrollo de actividades en ambientes seguros y adecuados.<\/p>\n","protected":false},"author":1,"featured_media":5235,"comment_status":"open","ping_status":"open","sticky":false,"template":"","format":"standard","meta":{"footnotes":""},"categories":[268],"tags":[],"class_list":["post-5234","post","type-post","status-publish","format-standard","has-post-thumbnail","hentry","category-nacionales"],"_links":{"self":[{"href":"https:\/\/www.elamazonico.com\/portal\/wp-json\/wp\/v2\/posts\/5234","targetHints":{"allow":["GET"]}}],"collection":[{"href":"https:\/\/www.elamazonico.com\/portal\/wp-json\/wp\/v2\/posts"}],"about":[{"href":"https:\/\/www.elamazonico.com\/portal\/wp-json\/wp\/v2\/types\/post"}],"author":[{"embeddable":true,"href":"https:\/\/www.elamazonico.com\/portal\/wp-json\/wp\/v2\/users\/1"}],"replies":[{"embeddable":true,"href":"https:\/\/www.elamazonico.com\/portal\/wp-json\/wp\/v2\/comments?post=5234"}],"version-history":[{"count":1,"href":"https:\/\/www.elamazonico.com\/portal\/wp-json\/wp\/v2\/posts\/5234\/revisions"}],"predecessor-version":[{"id":5236,"href":"https:\/\/www.elamazonico.com\/portal\/wp-json\/wp\/v2\/posts\/5234\/revisions\/5236"}],"wp:featuredmedia":[{"embeddable":true,"href":"https:\/\/www.elamazonico.com\/portal\/wp-json\/wp\/v2\/media\/5235"}],"wp:attachment":[{"href":"https:\/\/www.elamazonico.com\/portal\/wp-json\/wp\/v2\/media?parent=5234"}],"wp:term":[{"taxonomy":"category","embeddable":true,"href":"https:\/\/www.elamazonico.com\/portal\/wp-json\/wp\/v2\/categories?post=5234"},{"taxonomy":"post_tag","embeddable":true,"href":"https:\/\/www.elamazonico.com\/portal\/wp-json\/wp\/v2\/tags?post=5234"}],"curies":[{"name":"wp","href":"https:\/\/api.w.org\/{rel}","templated":true}]}}