{"id":5212,"date":"2022-08-02T12:05:07","date_gmt":"2022-08-02T17:05:07","guid":{"rendered":"https:\/\/www.elamazonico.com\/portal\/?p=5212"},"modified":"2022-08-02T12:06:25","modified_gmt":"2022-08-02T17:06:25","slug":"hallan-5-millones-de-dolares-en-la-casa-de-victima-de-sicariat0%ef%bf%bc","status":"publish","type":"post","link":"https:\/\/www.elamazonico.com\/portal\/hallan-5-millones-de-dolares-en-la-casa-de-victima-de-sicariat0%ef%bf%bc\/","title":{"rendered":"Hallan 5 millones de d\u00f3lares en la casa de v\u00edctima de sicariat0\ufffc"},"content":{"rendered":"\n<p>Juan Pablo Andrade fue asesinado ayer en el sur de Guayaquil, al estilo sicariato. La Fiscal\u00eda encontr\u00f3 cerca de 5 millones de d\u00f3lares en la casa de la v\u00edctima. El dinero se encontraba en maletas, cartones y envuelto en pl\u00e1stico. Los d\u00f3lares estaban distribuidos en fajos de 10, 20 y 100 d\u00f3lares.<\/p>\n\n\n\n<p>La Fiscal\u00eda dijo que solicitar\u00e1 de manera inmediata al juez de Flagrancia una orden especial a fin de que el dinero sea inmovilizado e ingresado a las cuentas del Banco Central del Ecuador, seg\u00fan lo estipula el art\u00edculo 552 del C\u00f3digo Org\u00e1nico Integral penal (Coip). Tambi\u00e9n se indaga el origen del dinero.&nbsp; jtr<\/p>\n\n\n\n<p>Asesinado en la ciudadela 9 de Octubre, ubicada en el sur de Guayaquil, habr\u00eda salido hace poco de la c\u00e1rcel y se dedicaba a la administraci\u00f3n de un local de\u00a0 compra y venta de veh\u00edculos. Un ni\u00f1o fue herido, presuntamente hijo de la v\u00edctima. (I)<\/p>\n\n\n\n<p>Ecuadorenvivo<\/p>\n","protected":false},"excerpt":{"rendered":"<p>Juan Pablo Andrade fue asesinado ayer en el sur de Guayaquil, al estilo sicariato. La Fiscal\u00eda encontr\u00f3 cerca de 5 millones de d\u00f3lares en la casa de la v\u00edctima. El dinero se encontraba en maletas, cartones y envuelto en pl\u00e1stico. Los d\u00f3lares estaban distribuidos en fajos de 10, 20 y 100 d\u00f3lares. La Fiscal\u00eda dijo que solicitar\u00e1 de manera inmediata al juez de Flagrancia una orden especial a fin de que el dinero sea inmovilizado e ingresado a las cuentas del Banco Central del Ecuador, seg\u00fan lo estipula el art\u00edculo 552 del C\u00f3digo Org\u00e1nico Integral penal (Coip). Tambi\u00e9n se indaga el origen del dinero.&nbsp; jtr Asesinado en la ciudadela 9 de Octubre, ubicada en el sur de Guayaquil, habr\u00eda salido hace poco de la c\u00e1rcel y se dedicaba a la administraci\u00f3n de un local de\u00a0 compra y venta de veh\u00edculos. Un ni\u00f1o fue herido, presuntamente hijo de la v\u00edctima. (I) Ecuadorenvivo<\/p>\n","protected":false},"author":1,"featured_media":5213,"comment_status":"open","ping_status":"open","sticky":false,"template":"","format":"standard","meta":{"footnotes":""},"categories":[268],"tags":[],"class_list":["post-5212","post","type-post","status-publish","format-standard","has-post-thumbnail","hentry","category-nacionales"],"_links":{"self":[{"href":"https:\/\/www.elamazonico.com\/portal\/wp-json\/wp\/v2\/posts\/5212","targetHints":{"allow":["GET"]}}],"collection":[{"href":"https:\/\/www.elamazonico.com\/portal\/wp-json\/wp\/v2\/posts"}],"about":[{"href":"https:\/\/www.elamazonico.com\/portal\/wp-json\/wp\/v2\/types\/post"}],"author":[{"embeddable":true,"href":"https:\/\/www.elamazonico.com\/portal\/wp-json\/wp\/v2\/users\/1"}],"replies":[{"embeddable":true,"href":"https:\/\/www.elamazonico.com\/portal\/wp-json\/wp\/v2\/comments?post=5212"}],"version-history":[{"count":1,"href":"https:\/\/www.elamazonico.com\/portal\/wp-json\/wp\/v2\/posts\/5212\/revisions"}],"predecessor-version":[{"id":5214,"href":"https:\/\/www.elamazonico.com\/portal\/wp-json\/wp\/v2\/posts\/5212\/revisions\/5214"}],"wp:featuredmedia":[{"embeddable":true,"href":"https:\/\/www.elamazonico.com\/portal\/wp-json\/wp\/v2\/media\/5213"}],"wp:attachment":[{"href":"https:\/\/www.elamazonico.com\/portal\/wp-json\/wp\/v2\/media?parent=5212"}],"wp:term":[{"taxonomy":"category","embeddable":true,"href":"https:\/\/www.elamazonico.com\/portal\/wp-json\/wp\/v2\/categories?post=5212"},{"taxonomy":"post_tag","embeddable":true,"href":"https:\/\/www.elamazonico.com\/portal\/wp-json\/wp\/v2\/tags?post=5212"}],"curies":[{"name":"wp","href":"https:\/\/api.w.org\/{rel}","templated":true}]}}