{"id":5206,"date":"2022-08-02T09:58:45","date_gmt":"2022-08-02T14:58:45","guid":{"rendered":"https:\/\/www.elamazonico.com\/portal\/?p=5206"},"modified":"2022-08-02T09:58:54","modified_gmt":"2022-08-02T14:58:54","slug":"zamorano-obtuvo-primer-lugar-en-el-campeonato-sudamericano-en-tenis-de-mesa-argentina-2022","status":"publish","type":"post","link":"https:\/\/www.elamazonico.com\/portal\/zamorano-obtuvo-primer-lugar-en-el-campeonato-sudamericano-en-tenis-de-mesa-argentina-2022\/","title":{"rendered":"Zamorano obtuvo primer lugar en el campeonato sudamericano en tenis de mesa Argentina 2022"},"content":{"rendered":"\n<p>Joaqu\u00edn Alberto V\u00e9lez S\u00e1nchez, es un ni\u00f1o zamorano de 10 a\u00f1os de edad, quien fue seleccionado nacional en la categor\u00eda de Tenis de Mesa, para representar al Ecuador en el campeonato sudamericano efectuado a inicios de julio en Argentina.<\/p>\n\n\n\n<p>Fue un campeonato internacional donde compitieron varios pa\u00edses, donde Joaqu\u00edn represent\u00f3 a Zamora Chinchipe y al Ecuador, adem\u00e1s comenta que la competencia fue dura por enfrentarse a otros pa\u00edses. Cont\u00f3 con el apoyo de la Federaci\u00f3n Ecuatoriana de Tenis de Mesa. Al primer lugar, le otorgaron todos los gastos pagados, mientras que, al segundo lugar, los gastos fueron cubiertos en un 50% por parte de la organizaci\u00f3n y el resto del participante.<\/p>\n\n\n\n<p>Viajo acompa\u00f1ado de su primo quien tambi\u00e9n es seleccionado nacional y con sus entrenadores. Manifiesta que su experiencia fue grata, donde compart\u00edan con su equipo y con tan solo 10 a\u00f1os, le da triunfos al Ecuador. A la edad de 5 a\u00f1os, se apasionaba por el ajedrez y por compartir con su prima, se inscribi\u00f3 en la disciplina de tenis de mesa. Por tal raz\u00f3n, su progenitora le dio a escoger entre el ajedrez o tenis de mesa, porque al estar en ambas, no avanzar\u00eda en ninguna. \u00c9l escogi\u00f3 tenis de mesa porque le llamaba m\u00e1s su atenci\u00f3n.<\/p>\n\n\n\n<p>Por su talento y esfuerzo se ha dedicado al tema art\u00edstico; en el festival emblem\u00e1tico Cantares de Mi Infancia obtuvo el tercer lugar \u201cAve de Bronce\u201d, donde interpret\u00f3 un repertorio de galas con la que tuvo acceso a este premio. Con su participaci\u00f3n en estos eventos ha destacado como un gran deportista y artista, que enorgullece a sus padres y al pa\u00eds. Admira a Richard Carapaz e invita a los ni\u00f1os a preparase para llegar a ser seleccionados y representar al pa\u00eds en los distintos campeonatos. (I)<\/p>\n","protected":false},"excerpt":{"rendered":"<p>Joaqu\u00edn Alberto V\u00e9lez S\u00e1nchez, es un ni\u00f1o zamorano de 10 a\u00f1os de edad, quien fue seleccionado nacional en la categor\u00eda de Tenis de Mesa, para representar al Ecuador en el campeonato sudamericano efectuado a inicios de julio en Argentina. Fue un campeonato internacional donde compitieron varios pa\u00edses, donde Joaqu\u00edn represent\u00f3 a Zamora Chinchipe y al Ecuador, adem\u00e1s comenta que la competencia fue dura por enfrentarse a otros pa\u00edses. Cont\u00f3 con el apoyo de la Federaci\u00f3n Ecuatoriana de Tenis de Mesa. Al primer lugar, le otorgaron todos los gastos pagados, mientras que, al segundo lugar, los gastos fueron cubiertos en un 50% por parte de la organizaci\u00f3n y el resto del participante. Viajo acompa\u00f1ado de su primo quien tambi\u00e9n es seleccionado nacional y con sus entrenadores. Manifiesta que su experiencia fue grata, donde compart\u00edan con su equipo y con tan solo 10 a\u00f1os, le da triunfos al Ecuador. A la edad de 5 a\u00f1os, se apasionaba por el ajedrez y por compartir con su prima, se inscribi\u00f3 en la disciplina de tenis de mesa. Por tal raz\u00f3n, su progenitora le dio a escoger entre el ajedrez o tenis de mesa, porque al estar en ambas, no avanzar\u00eda en ninguna. \u00c9l escogi\u00f3 tenis de mesa porque le llamaba m\u00e1s su atenci\u00f3n. Por su talento y esfuerzo se ha dedicado al tema art\u00edstico; en el festival emblem\u00e1tico Cantares de Mi Infancia obtuvo el tercer lugar \u201cAve de Bronce\u201d, donde interpret\u00f3 un repertorio de galas con la que tuvo acceso a este premio. Con su participaci\u00f3n en estos eventos ha destacado como un gran deportista y artista, que enorgullece a sus padres y al pa\u00eds. Admira a Richard Carapaz e invita a los ni\u00f1os a preparase para llegar a ser seleccionados y representar al pa\u00eds en los distintos campeonatos. (I)<\/p>\n","protected":false},"author":1,"featured_media":5207,"comment_status":"open","ping_status":"open","sticky":false,"template":"","format":"standard","meta":{"footnotes":""},"categories":[243],"tags":[],"class_list":["post-5206","post","type-post","status-publish","format-standard","has-post-thumbnail","hentry","category-noticias-zamora"],"_links":{"self":[{"href":"https:\/\/www.elamazonico.com\/portal\/wp-json\/wp\/v2\/posts\/5206","targetHints":{"allow":["GET"]}}],"collection":[{"href":"https:\/\/www.elamazonico.com\/portal\/wp-json\/wp\/v2\/posts"}],"about":[{"href":"https:\/\/www.elamazonico.com\/portal\/wp-json\/wp\/v2\/types\/post"}],"author":[{"embeddable":true,"href":"https:\/\/www.elamazonico.com\/portal\/wp-json\/wp\/v2\/users\/1"}],"replies":[{"embeddable":true,"href":"https:\/\/www.elamazonico.com\/portal\/wp-json\/wp\/v2\/comments?post=5206"}],"version-history":[{"count":1,"href":"https:\/\/www.elamazonico.com\/portal\/wp-json\/wp\/v2\/posts\/5206\/revisions"}],"predecessor-version":[{"id":5208,"href":"https:\/\/www.elamazonico.com\/portal\/wp-json\/wp\/v2\/posts\/5206\/revisions\/5208"}],"wp:featuredmedia":[{"embeddable":true,"href":"https:\/\/www.elamazonico.com\/portal\/wp-json\/wp\/v2\/media\/5207"}],"wp:attachment":[{"href":"https:\/\/www.elamazonico.com\/portal\/wp-json\/wp\/v2\/media?parent=5206"}],"wp:term":[{"taxonomy":"category","embeddable":true,"href":"https:\/\/www.elamazonico.com\/portal\/wp-json\/wp\/v2\/categories?post=5206"},{"taxonomy":"post_tag","embeddable":true,"href":"https:\/\/www.elamazonico.com\/portal\/wp-json\/wp\/v2\/tags?post=5206"}],"curies":[{"name":"wp","href":"https:\/\/api.w.org\/{rel}","templated":true}]}}