{"id":5203,"date":"2022-08-02T09:55:12","date_gmt":"2022-08-02T14:55:12","guid":{"rendered":"https:\/\/www.elamazonico.com\/portal\/?p=5203"},"modified":"2022-08-02T09:55:21","modified_gmt":"2022-08-02T14:55:21","slug":"rodrigo-cabrera-no-va-mas-con-la-precandidatura-por-la-alcaldia-de-zamora","status":"publish","type":"post","link":"https:\/\/www.elamazonico.com\/portal\/rodrigo-cabrera-no-va-mas-con-la-precandidatura-por-la-alcaldia-de-zamora\/","title":{"rendered":"Rodrigo Cabrera no va m\u00e1s con la precandidatura por la alcald\u00eda de Zamora"},"content":{"rendered":"\n<p>A pocos meses de perfilar los candidatos que participaran en las elecciones seccionales, Rodrigo Cabrera, quien hab\u00eda estado trabajando para ser candidato para la alcald\u00eda de Zamora, por el movimiento Izquierda Democr\u00e1tica, anuncia que se retira por motivos de conflictos internos dentro de la asociaci\u00f3n pol\u00edtica y que no desea ser part\u00edcipe de esta situaci\u00f3n. \u201cVen\u00edamos trabajando para una posible candidatura a la alcald\u00eda por el cant\u00f3n Zamora, por eso hemos sido muy prudentes en las intervenciones y recorridos que se han hecho, porque no hab\u00eda una candidatura, porque primeramente no ten\u00edamos un partido pol\u00edtico\u201d. A trav\u00e9s de ello, Cabrera informa que Izquierda Democr\u00e1tica a lo interno, tanto a nivel cantonal como provincial, han tenido disputas.<\/p>\n\n\n\n<p>Cabrera convers\u00f3 con la dirigencia para que se solucionen esos conflictos y una vez subsanada la situaci\u00f3n, pod\u00eda estar formalizando su candidatura. Aclara que, por incorporarse m\u00e1s tarde, no asume los problemas que se hayan suscitado y \u00e1nima a los simpatizantes a sentarse a conversar en el partido. Por respeto a las personas que apoyan su trabajo, no est\u00e1 dispuesto a que su nombre este dentro de un movimiento que no se encuentra bien cimentado; tampoco permite que su nombre se mancha por intereses privados.<\/p>\n\n\n\n<p>\u201cHe decidido dar un paso al costado, pese a que tenemos n\u00fameros para ganar una candidatura cantonal\u201d. Dice Cabrera al deslindarse de la precandidatura que d\u00edas anteriores se hab\u00eda dado a conocer por \u00e9l y por parte de la dirigencia de Izquierda Democr\u00e1tica. E indica que seguir\u00e1 sirviendo a su pueblo a pesar de no estar en un cargo p\u00fablico y seguir\u00e1 como docente de vocaci\u00f3n. Una decisi\u00f3n tomada en consenso de un equipo que siempre le han acompa\u00f1ado.<\/p>\n\n\n\n<p>Las futuras autoridades deben enfocarse en cumplir con las necesidades emergentes de la poblaci\u00f3n, son muchas las necesidades que la ciudadan\u00eda expone a la administraci\u00f3n de turno, pero muchas de las veces no han sido resueltas, a pesar de ser la capital de provincia. Priorizar las obras importantes, como las necesidades vitales del ser humano. Esto se debe concretar mediante planificaci\u00f3n y estrategias con la posibilidad de cumplirse a corto, mediano o largo plazo.<\/p>\n\n\n\n<p>Augura que la ciudadan\u00eda elija a un buen principal municipal que luche para solucionar las necesidades que tienen los ciudadanos, que se trabaje en conjunto. La forma de salir adelante es trabajar por las necesidades primordiales. (I)<\/p>\n","protected":false},"excerpt":{"rendered":"<p>A pocos meses de perfilar los candidatos que participaran en las elecciones seccionales, Rodrigo Cabrera, quien hab\u00eda estado trabajando para ser candidato para la alcald\u00eda de Zamora, por el movimiento Izquierda Democr\u00e1tica, anuncia que se retira por motivos de conflictos internos dentro de la asociaci\u00f3n pol\u00edtica y que no desea ser part\u00edcipe de esta situaci\u00f3n. \u201cVen\u00edamos trabajando para una posible candidatura a la alcald\u00eda por el cant\u00f3n Zamora, por eso hemos sido muy prudentes en las intervenciones y recorridos que se han hecho, porque no hab\u00eda una candidatura, porque primeramente no ten\u00edamos un partido pol\u00edtico\u201d. A trav\u00e9s de ello, Cabrera informa que Izquierda Democr\u00e1tica a lo interno, tanto a nivel cantonal como provincial, han tenido disputas. Cabrera convers\u00f3 con la dirigencia para que se solucionen esos conflictos y una vez subsanada la situaci\u00f3n, pod\u00eda estar formalizando su candidatura. Aclara que, por incorporarse m\u00e1s tarde, no asume los problemas que se hayan suscitado y \u00e1nima a los simpatizantes a sentarse a conversar en el partido. Por respeto a las personas que apoyan su trabajo, no est\u00e1 dispuesto a que su nombre este dentro de un movimiento que no se encuentra bien cimentado; tampoco permite que su nombre se mancha por intereses privados. \u201cHe decidido dar un paso al costado, pese a que tenemos n\u00fameros para ganar una candidatura cantonal\u201d. Dice Cabrera al deslindarse de la precandidatura que d\u00edas anteriores se hab\u00eda dado a conocer por \u00e9l y por parte de la dirigencia de Izquierda Democr\u00e1tica. E indica que seguir\u00e1 sirviendo a su pueblo a pesar de no estar en un cargo p\u00fablico y seguir\u00e1 como docente de vocaci\u00f3n. Una decisi\u00f3n tomada en consenso de un equipo que siempre le han acompa\u00f1ado. Las futuras autoridades deben enfocarse en cumplir con las necesidades emergentes de la poblaci\u00f3n, son muchas las necesidades que la ciudadan\u00eda expone a la administraci\u00f3n de turno, pero muchas de las veces no han sido resueltas, a pesar de ser la capital de provincia. Priorizar las obras importantes, como las necesidades vitales del ser humano. Esto se debe concretar mediante planificaci\u00f3n y estrategias con la posibilidad de cumplirse a corto, mediano o largo plazo. Augura que la ciudadan\u00eda elija a un buen principal municipal que luche para solucionar las necesidades que tienen los ciudadanos, que se trabaje en conjunto. La forma de salir adelante es trabajar por las necesidades primordiales. (I)<\/p>\n","protected":false},"author":1,"featured_media":5204,"comment_status":"open","ping_status":"open","sticky":false,"template":"","format":"standard","meta":{"footnotes":""},"categories":[243],"tags":[],"class_list":["post-5203","post","type-post","status-publish","format-standard","has-post-thumbnail","hentry","category-noticias-zamora"],"_links":{"self":[{"href":"https:\/\/www.elamazonico.com\/portal\/wp-json\/wp\/v2\/posts\/5203","targetHints":{"allow":["GET"]}}],"collection":[{"href":"https:\/\/www.elamazonico.com\/portal\/wp-json\/wp\/v2\/posts"}],"about":[{"href":"https:\/\/www.elamazonico.com\/portal\/wp-json\/wp\/v2\/types\/post"}],"author":[{"embeddable":true,"href":"https:\/\/www.elamazonico.com\/portal\/wp-json\/wp\/v2\/users\/1"}],"replies":[{"embeddable":true,"href":"https:\/\/www.elamazonico.com\/portal\/wp-json\/wp\/v2\/comments?post=5203"}],"version-history":[{"count":1,"href":"https:\/\/www.elamazonico.com\/portal\/wp-json\/wp\/v2\/posts\/5203\/revisions"}],"predecessor-version":[{"id":5205,"href":"https:\/\/www.elamazonico.com\/portal\/wp-json\/wp\/v2\/posts\/5203\/revisions\/5205"}],"wp:featuredmedia":[{"embeddable":true,"href":"https:\/\/www.elamazonico.com\/portal\/wp-json\/wp\/v2\/media\/5204"}],"wp:attachment":[{"href":"https:\/\/www.elamazonico.com\/portal\/wp-json\/wp\/v2\/media?parent=5203"}],"wp:term":[{"taxonomy":"category","embeddable":true,"href":"https:\/\/www.elamazonico.com\/portal\/wp-json\/wp\/v2\/categories?post=5203"},{"taxonomy":"post_tag","embeddable":true,"href":"https:\/\/www.elamazonico.com\/portal\/wp-json\/wp\/v2\/tags?post=5203"}],"curies":[{"name":"wp","href":"https:\/\/api.w.org\/{rel}","templated":true}]}}