{"id":5189,"date":"2022-08-01T11:50:55","date_gmt":"2022-08-01T16:50:55","guid":{"rendered":"https:\/\/www.elamazonico.com\/portal\/?p=5189"},"modified":"2022-08-01T11:50:59","modified_gmt":"2022-08-01T16:50:59","slug":"instituto-sudamericano-oferta-la-carrera-de-mecanica-automotriz","status":"publish","type":"post","link":"https:\/\/www.elamazonico.com\/portal\/instituto-sudamericano-oferta-la-carrera-de-mecanica-automotriz\/","title":{"rendered":"Instituto sudamericano oferta la carrera de mec\u00e1nica automotriz"},"content":{"rendered":"\n<p>En una entrevista con Noticiero Al D\u00eda, Luis Dar\u00edo Granda, coordinador de la carrera de Mec\u00e1nica Automotriz del Instituto Sudamericano da a conocer la oferta acad\u00e9mica sobre esta tecnolog\u00eda, que consta de cinco ciclos acad\u00e9micos, donde los estudiantes aprenden la parte te\u00f3rica y pr\u00e1ctica. Esta carrera dentro del cant\u00f3n Loja tiene una trayectoria reciente; la primera promoci\u00f3n se grad\u00faa en octubre de este a\u00f1o.<\/p>\n\n\n\n<p>El enfoque como tecn\u00f3logos es en la parte pr\u00e1ctica, es por ello, que su modalidad acad\u00e9mica es un 30% la parte te\u00f3rica y el 70% la parte pr\u00e1ctica. Los equipos que mantiene el instituto predispuestos para esta carrera son de vanguardia, de primera para que visiten su infraestructura para que sientan en comodidad y con m\u00e1s seguridad al momento de elegir una carrera para la vida profesional. Cabe indicar que el espacio de la carrera est\u00e1 ubicado dentro del edificio principal del instituto.<\/p>\n\n\n\n<p>La carrera rompe el esquema para el cual est\u00e1 dirigida, pues no solo es para hombres sino tambi\u00e9n para mujeres que est\u00e9n interesadas y les llame la atenci\u00f3n esta tecnolog\u00eda. Trabajan en proyectos de gran magnitud, integradores de asignaturas y por cada carrera. El mismo consiste en que no solo debe buscar trabajo, sino generar empleos, a trav\u00e9s de un producto o servicio al p\u00fablico en general sea interno o externo.<\/p>\n\n\n\n<p>Esta carrera propicia un amplio campo de trabajo, puesto que existe una gran demanda de veh\u00edculos que van a necesitar mantenimiento e ingeniarse en crear nuevas cosas innovadoras. Los estudiantes aprenden para innovar a trav\u00e9s de la decisi\u00f3n de lo que uno quiera hacer. Los interesados deben acercarse a la instituci\u00f3n a inscribirse en la Miguel Riofr\u00edo entre Bol\u00edvar y Sucre, en el caso de las personas que residan fuera de Loja, pueden comunicarse de manera virtual o telef\u00f3nica.<\/p>\n\n\n\n<p><strong>EVENTO DE V\u00c1LIDA DE VEH\u00cdCULOS TIPO BUGGY<\/strong><\/p>\n\n\n\n<p>La creaci\u00f3n de veh\u00edculos de tipo Buggy, construidos por los estudiantes tanto fuera y dentro de la instituci\u00f3n. Por ello, los estudiantes se van familiarizando con la vida laboral. Est\u00e1n generando este prototipo de veh\u00edculo para poder ofertar este tipo de carreras para todo el Ecuador. Para hacer un evento anual de carrera de tipo Buggy, donde las personas interesadas, que tengan este tipo de veh\u00edculo, siendo la segunda v\u00e1lida, abierta para todo p\u00fablico.<\/p>\n\n\n\n<p>Se va a realizar el s\u00e1bado 30 de julio en la pista La Moringa en San Pedro de la Bendita a partir de las 9:00 am.<\/p>\n","protected":false},"excerpt":{"rendered":"<p>En una entrevista con Noticiero Al D\u00eda, Luis Dar\u00edo Granda, coordinador de la carrera de Mec\u00e1nica Automotriz del Instituto Sudamericano da a conocer la oferta acad\u00e9mica sobre esta tecnolog\u00eda, que consta de cinco ciclos acad\u00e9micos, donde los estudiantes aprenden la parte te\u00f3rica y pr\u00e1ctica. Esta carrera dentro del cant\u00f3n Loja tiene una trayectoria reciente; la primera promoci\u00f3n se grad\u00faa en octubre de este a\u00f1o. El enfoque como tecn\u00f3logos es en la parte pr\u00e1ctica, es por ello, que su modalidad acad\u00e9mica es un 30% la parte te\u00f3rica y el 70% la parte pr\u00e1ctica. Los equipos que mantiene el instituto predispuestos para esta carrera son de vanguardia, de primera para que visiten su infraestructura para que sientan en comodidad y con m\u00e1s seguridad al momento de elegir una carrera para la vida profesional. Cabe indicar que el espacio de la carrera est\u00e1 ubicado dentro del edificio principal del instituto. La carrera rompe el esquema para el cual est\u00e1 dirigida, pues no solo es para hombres sino tambi\u00e9n para mujeres que est\u00e9n interesadas y les llame la atenci\u00f3n esta tecnolog\u00eda. Trabajan en proyectos de gran magnitud, integradores de asignaturas y por cada carrera. El mismo consiste en que no solo debe buscar trabajo, sino generar empleos, a trav\u00e9s de un producto o servicio al p\u00fablico en general sea interno o externo. Esta carrera propicia un amplio campo de trabajo, puesto que existe una gran demanda de veh\u00edculos que van a necesitar mantenimiento e ingeniarse en crear nuevas cosas innovadoras. Los estudiantes aprenden para innovar a trav\u00e9s de la decisi\u00f3n de lo que uno quiera hacer. Los interesados deben acercarse a la instituci\u00f3n a inscribirse en la Miguel Riofr\u00edo entre Bol\u00edvar y Sucre, en el caso de las personas que residan fuera de Loja, pueden comunicarse de manera virtual o telef\u00f3nica. EVENTO DE V\u00c1LIDA DE VEH\u00cdCULOS TIPO BUGGY La creaci\u00f3n de veh\u00edculos de tipo Buggy, construidos por los estudiantes tanto fuera y dentro de la instituci\u00f3n. Por ello, los estudiantes se van familiarizando con la vida laboral. Est\u00e1n generando este prototipo de veh\u00edculo para poder ofertar este tipo de carreras para todo el Ecuador. Para hacer un evento anual de carrera de tipo Buggy, donde las personas interesadas, que tengan este tipo de veh\u00edculo, siendo la segunda v\u00e1lida, abierta para todo p\u00fablico. Se va a realizar el s\u00e1bado 30 de julio en la pista La Moringa en San Pedro de la Bendita a partir de las 9:00 am.<\/p>\n","protected":false},"author":1,"featured_media":5190,"comment_status":"open","ping_status":"open","sticky":false,"template":"","format":"standard","meta":{"footnotes":""},"categories":[268,243],"tags":[],"class_list":["post-5189","post","type-post","status-publish","format-standard","has-post-thumbnail","hentry","category-nacionales","category-noticias-zamora"],"_links":{"self":[{"href":"https:\/\/www.elamazonico.com\/portal\/wp-json\/wp\/v2\/posts\/5189","targetHints":{"allow":["GET"]}}],"collection":[{"href":"https:\/\/www.elamazonico.com\/portal\/wp-json\/wp\/v2\/posts"}],"about":[{"href":"https:\/\/www.elamazonico.com\/portal\/wp-json\/wp\/v2\/types\/post"}],"author":[{"embeddable":true,"href":"https:\/\/www.elamazonico.com\/portal\/wp-json\/wp\/v2\/users\/1"}],"replies":[{"embeddable":true,"href":"https:\/\/www.elamazonico.com\/portal\/wp-json\/wp\/v2\/comments?post=5189"}],"version-history":[{"count":1,"href":"https:\/\/www.elamazonico.com\/portal\/wp-json\/wp\/v2\/posts\/5189\/revisions"}],"predecessor-version":[{"id":5191,"href":"https:\/\/www.elamazonico.com\/portal\/wp-json\/wp\/v2\/posts\/5189\/revisions\/5191"}],"wp:featuredmedia":[{"embeddable":true,"href":"https:\/\/www.elamazonico.com\/portal\/wp-json\/wp\/v2\/media\/5190"}],"wp:attachment":[{"href":"https:\/\/www.elamazonico.com\/portal\/wp-json\/wp\/v2\/media?parent=5189"}],"wp:term":[{"taxonomy":"category","embeddable":true,"href":"https:\/\/www.elamazonico.com\/portal\/wp-json\/wp\/v2\/categories?post=5189"},{"taxonomy":"post_tag","embeddable":true,"href":"https:\/\/www.elamazonico.com\/portal\/wp-json\/wp\/v2\/tags?post=5189"}],"curies":[{"name":"wp","href":"https:\/\/api.w.org\/{rel}","templated":true}]}}