{"id":5173,"date":"2022-08-01T06:05:37","date_gmt":"2022-08-01T11:05:37","guid":{"rendered":"https:\/\/www.elamazonico.com\/portal\/?p=5173"},"modified":"2022-08-01T06:05:43","modified_gmt":"2022-08-01T11:05:43","slug":"turisticas-llegan-desde-el-peru-a-la-central-eolica-villonaco","status":"publish","type":"post","link":"https:\/\/www.elamazonico.com\/portal\/turisticas-llegan-desde-el-peru-a-la-central-eolica-villonaco\/","title":{"rendered":"Tur\u00edsticas llegan desde el Per\u00fa a la central e\u00f3lica Villonaco"},"content":{"rendered":"\n<p>La central e\u00f3lica Villonaco se ha constituido en uno de los principales atractivos tur\u00edsticos del Sur del pa\u00eds. Desde su apertura al p\u00fablico ha recibido a m\u00e1s de 178.000 personas desde distintos puntos del Ecuador y del mundo.<\/p>\n\n\n\n<p>Entre los grupos que visitan con mayor frecuencia la central, se encuentran los turistas provenientes del norte y centro del Per\u00fa, quienes llegan a Loja como parte de los paquetes de viaje que promocionan varias operadoras tur\u00edsticas e instituciones que incluyen a la central Villonaco dentro de su itinerario de visita.<\/p>\n\n\n\n<p>Patricia V\u00e1zquez, integrante de la ONG peruana Calidad de Vida Internacional, menciona que desde que las restricciones de ingreso al pa\u00eds se hicieron m\u00e1s flexibles se han retomado las giras tur\u00edsticas con grupos de entre 80 a 120 personas semanalmente.&nbsp;<\/p>\n","protected":false},"excerpt":{"rendered":"<p>La central e\u00f3lica Villonaco se ha constituido en uno de los principales atractivos tur\u00edsticos del Sur del pa\u00eds. Desde su apertura al p\u00fablico ha recibido a m\u00e1s de 178.000 personas desde distintos puntos del Ecuador y del mundo. Entre los grupos que visitan con mayor frecuencia la central, se encuentran los turistas provenientes del norte y centro del Per\u00fa, quienes llegan a Loja como parte de los paquetes de viaje que promocionan varias operadoras tur\u00edsticas e instituciones que incluyen a la central Villonaco dentro de su itinerario de visita. Patricia V\u00e1zquez, integrante de la ONG peruana Calidad de Vida Internacional, menciona que desde que las restricciones de ingreso al pa\u00eds se hicieron m\u00e1s flexibles se han retomado las giras tur\u00edsticas con grupos de entre 80 a 120 personas semanalmente.&nbsp;<\/p>\n","protected":false},"author":1,"featured_media":5174,"comment_status":"open","ping_status":"open","sticky":false,"template":"","format":"standard","meta":{"footnotes":""},"categories":[268],"tags":[],"class_list":["post-5173","post","type-post","status-publish","format-standard","has-post-thumbnail","hentry","category-nacionales"],"_links":{"self":[{"href":"https:\/\/www.elamazonico.com\/portal\/wp-json\/wp\/v2\/posts\/5173","targetHints":{"allow":["GET"]}}],"collection":[{"href":"https:\/\/www.elamazonico.com\/portal\/wp-json\/wp\/v2\/posts"}],"about":[{"href":"https:\/\/www.elamazonico.com\/portal\/wp-json\/wp\/v2\/types\/post"}],"author":[{"embeddable":true,"href":"https:\/\/www.elamazonico.com\/portal\/wp-json\/wp\/v2\/users\/1"}],"replies":[{"embeddable":true,"href":"https:\/\/www.elamazonico.com\/portal\/wp-json\/wp\/v2\/comments?post=5173"}],"version-history":[{"count":1,"href":"https:\/\/www.elamazonico.com\/portal\/wp-json\/wp\/v2\/posts\/5173\/revisions"}],"predecessor-version":[{"id":5175,"href":"https:\/\/www.elamazonico.com\/portal\/wp-json\/wp\/v2\/posts\/5173\/revisions\/5175"}],"wp:featuredmedia":[{"embeddable":true,"href":"https:\/\/www.elamazonico.com\/portal\/wp-json\/wp\/v2\/media\/5174"}],"wp:attachment":[{"href":"https:\/\/www.elamazonico.com\/portal\/wp-json\/wp\/v2\/media?parent=5173"}],"wp:term":[{"taxonomy":"category","embeddable":true,"href":"https:\/\/www.elamazonico.com\/portal\/wp-json\/wp\/v2\/categories?post=5173"},{"taxonomy":"post_tag","embeddable":true,"href":"https:\/\/www.elamazonico.com\/portal\/wp-json\/wp\/v2\/tags?post=5173"}],"curies":[{"name":"wp","href":"https:\/\/api.w.org\/{rel}","templated":true}]}}