{"id":5168,"date":"2022-07-31T12:38:12","date_gmt":"2022-07-31T17:38:12","guid":{"rendered":"https:\/\/www.elamazonico.com\/portal\/?p=5168"},"modified":"2022-07-31T12:38:19","modified_gmt":"2022-07-31T17:38:19","slug":"candidato-hector-vanegas-en-las-calles-las-hembras-no-sacan-el-panuelo-sino-el-calzon","status":"publish","type":"post","link":"https:\/\/www.elamazonico.com\/portal\/candidato-hector-vanegas-en-las-calles-las-hembras-no-sacan-el-panuelo-sino-el-calzon\/","title":{"rendered":"Candidato H\u00e9ctor Vanegas: en las calles &#8216;las hembras no sacan el pa\u00f1uelo, sino el calz\u00f3n&#8217;"},"content":{"rendered":"\n<p>El candidato a la Prefectura de Guayas por Centro Democr\u00e1tico,&nbsp;H\u00e9ctor Vanegas, dijo -en uno de sus discursos pol\u00edticos- que cuando recorre las calles \u00absalen las hembras y no sacan el pa\u00f1uelo sino el calz\u00f3n.&nbsp;<\/p>\n\n\n\n<p>Tales palabras fueron calificadas como un acto \u00abmachista y mis\u00f3gino\u00bb. Vanegas recibi\u00f3 cr\u00edticas desde varios sectores de la sociedad, a trav\u00e9s de redes sociales.<\/p>\n\n\n\n<p>El abogado Marl\u00f3n Mart\u00ednez record\u00f3 que el&nbsp;Art. 280 numeral 7 de la Ley Org\u00e1nica Electoral, sanciona la \u00abviolencia pol\u00edtica de g\u00e9nero\u00bb que consiste en la reproducci\u00f3n de mensajes de dominaci\u00f3n y discriminaci\u00f3n contra las mujeres.<\/p>\n\n\n\n<p>Ante ello, el aspirante a prefecto ofreci\u00f3 disculpas, diciendo que \u00abno soy pol\u00edtico, soy quiz\u00e1s lo m\u00e1s pol\u00edticamente incorrecto que habr\u00e1 en la papeleta electoral (&#8230;) soy un ser humano que ha cometido un error (&#8230;) Les prometo no dejarme llevar por la emoci\u00f3n de la tarima\u00bb.&nbsp;<\/p>\n","protected":false},"excerpt":{"rendered":"<p>El candidato a la Prefectura de Guayas por Centro Democr\u00e1tico,&nbsp;H\u00e9ctor Vanegas, dijo -en uno de sus discursos pol\u00edticos- que cuando recorre las calles \u00absalen las hembras y no sacan el pa\u00f1uelo sino el calz\u00f3n.&nbsp; Tales palabras fueron calificadas como un acto \u00abmachista y mis\u00f3gino\u00bb. Vanegas recibi\u00f3 cr\u00edticas desde varios sectores de la sociedad, a trav\u00e9s de redes sociales. El abogado Marl\u00f3n Mart\u00ednez record\u00f3 que el&nbsp;Art. 280 numeral 7 de la Ley Org\u00e1nica Electoral, sanciona la \u00abviolencia pol\u00edtica de g\u00e9nero\u00bb que consiste en la reproducci\u00f3n de mensajes de dominaci\u00f3n y discriminaci\u00f3n contra las mujeres. Ante ello, el aspirante a prefecto ofreci\u00f3 disculpas, diciendo que \u00abno soy pol\u00edtico, soy quiz\u00e1s lo m\u00e1s pol\u00edticamente incorrecto que habr\u00e1 en la papeleta electoral (&#8230;) soy un ser humano que ha cometido un error (&#8230;) Les prometo no dejarme llevar por la emoci\u00f3n de la tarima\u00bb.&nbsp;<\/p>\n","protected":false},"author":1,"featured_media":5169,"comment_status":"open","ping_status":"open","sticky":false,"template":"","format":"standard","meta":{"footnotes":""},"categories":[268],"tags":[],"class_list":["post-5168","post","type-post","status-publish","format-standard","has-post-thumbnail","hentry","category-nacionales"],"_links":{"self":[{"href":"https:\/\/www.elamazonico.com\/portal\/wp-json\/wp\/v2\/posts\/5168","targetHints":{"allow":["GET"]}}],"collection":[{"href":"https:\/\/www.elamazonico.com\/portal\/wp-json\/wp\/v2\/posts"}],"about":[{"href":"https:\/\/www.elamazonico.com\/portal\/wp-json\/wp\/v2\/types\/post"}],"author":[{"embeddable":true,"href":"https:\/\/www.elamazonico.com\/portal\/wp-json\/wp\/v2\/users\/1"}],"replies":[{"embeddable":true,"href":"https:\/\/www.elamazonico.com\/portal\/wp-json\/wp\/v2\/comments?post=5168"}],"version-history":[{"count":1,"href":"https:\/\/www.elamazonico.com\/portal\/wp-json\/wp\/v2\/posts\/5168\/revisions"}],"predecessor-version":[{"id":5170,"href":"https:\/\/www.elamazonico.com\/portal\/wp-json\/wp\/v2\/posts\/5168\/revisions\/5170"}],"wp:featuredmedia":[{"embeddable":true,"href":"https:\/\/www.elamazonico.com\/portal\/wp-json\/wp\/v2\/media\/5169"}],"wp:attachment":[{"href":"https:\/\/www.elamazonico.com\/portal\/wp-json\/wp\/v2\/media?parent=5168"}],"wp:term":[{"taxonomy":"category","embeddable":true,"href":"https:\/\/www.elamazonico.com\/portal\/wp-json\/wp\/v2\/categories?post=5168"},{"taxonomy":"post_tag","embeddable":true,"href":"https:\/\/www.elamazonico.com\/portal\/wp-json\/wp\/v2\/tags?post=5168"}],"curies":[{"name":"wp","href":"https:\/\/api.w.org\/{rel}","templated":true}]}}