{"id":5147,"date":"2022-07-29T07:10:13","date_gmt":"2022-07-29T12:10:13","guid":{"rendered":"https:\/\/www.elamazonico.com\/portal\/?p=5147"},"modified":"2022-07-29T07:10:24","modified_gmt":"2022-07-29T12:10:24","slug":"asambleista-conmina-a-que-comision-de-educacion-exhorte-publicacion-de-loei-en-registro-oficial","status":"publish","type":"post","link":"https:\/\/www.elamazonico.com\/portal\/asambleista-conmina-a-que-comision-de-educacion-exhorte-publicacion-de-loei-en-registro-oficial\/","title":{"rendered":"Asamble\u00edsta conmina a que Comisi\u00f3n de Educaci\u00f3n exhorte publicaci\u00f3n de LOEI en Registro Oficial"},"content":{"rendered":"\n<p>En la sesi\u00f3n Nro. 098 de la Comisi\u00f3n de Educaci\u00f3n, la asamble\u00edsta Isabel Enrr\u00edquez indic\u00f3 que \u201c<strong><em>el Gobierno, con argucias ha retrasado la publicaci\u00f3n de la reforma a la Ley de Educaci\u00f3n y ha impedido la equiparaci\u00f3n salarial de los docentes, negando 75 millones de d\u00f3lares a la educaci\u00f3n durante los meses de junio y julio\u201d.<\/em><\/strong><\/p>\n\n\n\n<p>Con este antecedente, la legisladora sustent\u00f3 su petici\u00f3n de cambio de orden del d\u00eda en la sesi\u00f3n, mismo que fue aprobado por unanimidad. Tras el debate del punto propuesto, la Comisi\u00f3n resolvi\u00f3:&nbsp; Exigir al Presidente de la Asamblea Nacional, Virgilio Saquicela, emita el insisto para que Hugo Enrique Del Pozo, Director del Registro Oficial,&nbsp; publique inmediatamente la Ley Reformatoria de Educaci\u00f3n Intercultural.<\/p>\n\n\n\n<p>As\u00ed mismo resolvieron remitir un documento con similar contenido a Del Pozo, demandando el cumplimiento de sus funciones con celeridad en el tr\u00e1mite de la publicaci\u00f3n de la LOEI y que adem\u00e1s comparezca ante&nbsp; la Comisi\u00f3n de Educaci\u00f3n durante la pr\u00f3xima sesi\u00f3n, para rendir cuentas.<\/p>\n\n\n\n<p>Finalmente la Comisi\u00f3n aprob\u00f3 exhortar a la Corte Constitucional, para que notifique a las instituciones competentes, el Auto 2-22-OP\/22, emitido el 21 de julio del 2021 en el que neg\u00f3 los pedidos de aclaraci\u00f3n, ampliaci\u00f3n y modulaci\u00f3n presentados por la Procuradur\u00eda General del Estado y la Presidencia de la Rep\u00fablica, ratif\u00edcandose en la sentencia Nro. 32-21-IN\/22 que reconoci\u00f3 la constitucionalidad de la reforma a la Ley de Educaci\u00f3n presentada por la Asamblea Nacional.&nbsp;&nbsp;<\/p>\n\n\n\n<p><strong><em>\u201cNo es posible que, por este retraso, los maestros no est\u00e9n percibiendo mensualmente Usd. 169, los que tienen t\u00edtulo; Usd. 354, los de escalaf\u00f3n A y, Usd. 300, los que no tienen titulo\u201d<\/em><\/strong>, sentenci\u00f3 en su discurso la legisladora Isabel Enr\u00edquez.<strong><em>\u00a0<\/em><\/strong><\/p>\n","protected":false},"excerpt":{"rendered":"<p>En la sesi\u00f3n Nro. 098 de la Comisi\u00f3n de Educaci\u00f3n, la asamble\u00edsta Isabel Enrr\u00edquez indic\u00f3 que \u201cel Gobierno, con argucias ha retrasado la publicaci\u00f3n de la reforma a la Ley de Educaci\u00f3n y ha impedido la equiparaci\u00f3n salarial de los docentes, negando 75 millones de d\u00f3lares a la educaci\u00f3n durante los meses de junio y julio\u201d. Con este antecedente, la legisladora sustent\u00f3 su petici\u00f3n de cambio de orden del d\u00eda en la sesi\u00f3n, mismo que fue aprobado por unanimidad. Tras el debate del punto propuesto, la Comisi\u00f3n resolvi\u00f3:&nbsp; Exigir al Presidente de la Asamblea Nacional, Virgilio Saquicela, emita el insisto para que Hugo Enrique Del Pozo, Director del Registro Oficial,&nbsp; publique inmediatamente la Ley Reformatoria de Educaci\u00f3n Intercultural. As\u00ed mismo resolvieron remitir un documento con similar contenido a Del Pozo, demandando el cumplimiento de sus funciones con celeridad en el tr\u00e1mite de la publicaci\u00f3n de la LOEI y que adem\u00e1s comparezca ante&nbsp; la Comisi\u00f3n de Educaci\u00f3n durante la pr\u00f3xima sesi\u00f3n, para rendir cuentas. Finalmente la Comisi\u00f3n aprob\u00f3 exhortar a la Corte Constitucional, para que notifique a las instituciones competentes, el Auto 2-22-OP\/22, emitido el 21 de julio del 2021 en el que neg\u00f3 los pedidos de aclaraci\u00f3n, ampliaci\u00f3n y modulaci\u00f3n presentados por la Procuradur\u00eda General del Estado y la Presidencia de la Rep\u00fablica, ratif\u00edcandose en la sentencia Nro. 32-21-IN\/22 que reconoci\u00f3 la constitucionalidad de la reforma a la Ley de Educaci\u00f3n presentada por la Asamblea Nacional.&nbsp;&nbsp; \u201cNo es posible que, por este retraso, los maestros no est\u00e9n percibiendo mensualmente Usd. 169, los que tienen t\u00edtulo; Usd. 354, los de escalaf\u00f3n A y, Usd. 300, los que no tienen titulo\u201d, sentenci\u00f3 en su discurso la legisladora Isabel Enr\u00edquez.\u00a0<\/p>\n","protected":false},"author":1,"featured_media":5148,"comment_status":"open","ping_status":"open","sticky":false,"template":"","format":"standard","meta":{"footnotes":""},"categories":[243],"tags":[],"class_list":["post-5147","post","type-post","status-publish","format-standard","has-post-thumbnail","hentry","category-noticias-zamora"],"_links":{"self":[{"href":"https:\/\/www.elamazonico.com\/portal\/wp-json\/wp\/v2\/posts\/5147","targetHints":{"allow":["GET"]}}],"collection":[{"href":"https:\/\/www.elamazonico.com\/portal\/wp-json\/wp\/v2\/posts"}],"about":[{"href":"https:\/\/www.elamazonico.com\/portal\/wp-json\/wp\/v2\/types\/post"}],"author":[{"embeddable":true,"href":"https:\/\/www.elamazonico.com\/portal\/wp-json\/wp\/v2\/users\/1"}],"replies":[{"embeddable":true,"href":"https:\/\/www.elamazonico.com\/portal\/wp-json\/wp\/v2\/comments?post=5147"}],"version-history":[{"count":1,"href":"https:\/\/www.elamazonico.com\/portal\/wp-json\/wp\/v2\/posts\/5147\/revisions"}],"predecessor-version":[{"id":5149,"href":"https:\/\/www.elamazonico.com\/portal\/wp-json\/wp\/v2\/posts\/5147\/revisions\/5149"}],"wp:featuredmedia":[{"embeddable":true,"href":"https:\/\/www.elamazonico.com\/portal\/wp-json\/wp\/v2\/media\/5148"}],"wp:attachment":[{"href":"https:\/\/www.elamazonico.com\/portal\/wp-json\/wp\/v2\/media?parent=5147"}],"wp:term":[{"taxonomy":"category","embeddable":true,"href":"https:\/\/www.elamazonico.com\/portal\/wp-json\/wp\/v2\/categories?post=5147"},{"taxonomy":"post_tag","embeddable":true,"href":"https:\/\/www.elamazonico.com\/portal\/wp-json\/wp\/v2\/tags?post=5147"}],"curies":[{"name":"wp","href":"https:\/\/api.w.org\/{rel}","templated":true}]}}