{"id":5134,"date":"2022-07-29T06:09:05","date_gmt":"2022-07-29T11:09:05","guid":{"rendered":"https:\/\/www.elamazonico.com\/portal\/?p=5134"},"modified":"2022-07-29T06:09:08","modified_gmt":"2022-07-29T11:09:08","slug":"lojanos-saludaron-al-peru-en-su-aniversario-de-independencia","status":"publish","type":"post","link":"https:\/\/www.elamazonico.com\/portal\/lojanos-saludaron-al-peru-en-su-aniversario-de-independencia\/","title":{"rendered":"Lojanos saludaron al Per\u00fa en su aniversario de independencia"},"content":{"rendered":"\n<p>Con un acto c\u00edvico los lojanos saludaron a la Rep\u00fablica del Per\u00fa, al conmemorar 201 a\u00f1os de independencia pol\u00edtica. El evento se cumpli\u00f3 en el Parque Central, con la presencia de autoridades y ciudadan\u00eda.<\/p>\n\n\n\n<p>Las &nbsp;banderas&nbsp; de Ecuador y Per\u00fa se izaron&nbsp; al ritmo de sus himnos &nbsp;y posteriormente se dio paso a las intervenciones, recordando la gesta libertaria.<\/p>\n\n\n\n<p>Juniza Castillo, c\u00f3nsul General del Per\u00fa en Loja, resalt\u00f3 la importancia de las relaciones binacionales que permiten a los dos pa\u00edses enfrentar desaf\u00edos comunes para reactivar la econom\u00eda y erradicar&nbsp; la pobreza. Agradeci\u00f3 a la ciudad de Loja&nbsp; por brindar un espacio a sus coterr\u00e1neos&nbsp; para&nbsp; desarrollarse profesionalmente, lo que&nbsp; contribuye al crecimiento de la provincia.<\/p>\n\n\n\n<p>\u201cCelebrar en Loja el d\u00eda de la Independencia de la Rep\u00fablica del Per\u00fa,&nbsp; es un acontecimiento&nbsp; que tambi\u00e9n lo hacemos nuestro,&nbsp; hemos fortalecido las relaciones bilaterales a trav\u00e9s de proyectos de hermanamiento y convenios de cooperaci\u00f3n; adem\u00e1s, hemos &nbsp;compartido experiencias&nbsp; exitosas que nos han enriquecido mutuamente, lo que nos lleva a proyectarnos con nuevas ideas para un futuro exitoso\u201d, sostuvo la alcaldesa de Loja, &nbsp;Patricia Picoita.<\/p>\n\n\n\n<p>Parte de las actividades por las fiestas patrias del Per\u00fa, ser\u00e1 el concierto de la&nbsp; Orquesta Sinf\u00f3nica de Loja, en el&nbsp; teatro Benjam\u00edn Carri\u00f3n, el viernes 29 de julio, a partir de las 19h30.<\/p>\n","protected":false},"excerpt":{"rendered":"<p>Con un acto c\u00edvico los lojanos saludaron a la Rep\u00fablica del Per\u00fa, al conmemorar 201 a\u00f1os de independencia pol\u00edtica. El evento se cumpli\u00f3 en el Parque Central, con la presencia de autoridades y ciudadan\u00eda. Las &nbsp;banderas&nbsp; de Ecuador y Per\u00fa se izaron&nbsp; al ritmo de sus himnos &nbsp;y posteriormente se dio paso a las intervenciones, recordando la gesta libertaria. Juniza Castillo, c\u00f3nsul General del Per\u00fa en Loja, resalt\u00f3 la importancia de las relaciones binacionales que permiten a los dos pa\u00edses enfrentar desaf\u00edos comunes para reactivar la econom\u00eda y erradicar&nbsp; la pobreza. Agradeci\u00f3 a la ciudad de Loja&nbsp; por brindar un espacio a sus coterr\u00e1neos&nbsp; para&nbsp; desarrollarse profesionalmente, lo que&nbsp; contribuye al crecimiento de la provincia. \u201cCelebrar en Loja el d\u00eda de la Independencia de la Rep\u00fablica del Per\u00fa,&nbsp; es un acontecimiento&nbsp; que tambi\u00e9n lo hacemos nuestro,&nbsp; hemos fortalecido las relaciones bilaterales a trav\u00e9s de proyectos de hermanamiento y convenios de cooperaci\u00f3n; adem\u00e1s, hemos &nbsp;compartido experiencias&nbsp; exitosas que nos han enriquecido mutuamente, lo que nos lleva a proyectarnos con nuevas ideas para un futuro exitoso\u201d, sostuvo la alcaldesa de Loja, &nbsp;Patricia Picoita. Parte de las actividades por las fiestas patrias del Per\u00fa, ser\u00e1 el concierto de la&nbsp; Orquesta Sinf\u00f3nica de Loja, en el&nbsp; teatro Benjam\u00edn Carri\u00f3n, el viernes 29 de julio, a partir de las 19h30.<\/p>\n","protected":false},"author":1,"featured_media":5135,"comment_status":"open","ping_status":"open","sticky":false,"template":"","format":"standard","meta":{"footnotes":""},"categories":[243],"tags":[],"class_list":["post-5134","post","type-post","status-publish","format-standard","has-post-thumbnail","hentry","category-noticias-zamora"],"_links":{"self":[{"href":"https:\/\/www.elamazonico.com\/portal\/wp-json\/wp\/v2\/posts\/5134","targetHints":{"allow":["GET"]}}],"collection":[{"href":"https:\/\/www.elamazonico.com\/portal\/wp-json\/wp\/v2\/posts"}],"about":[{"href":"https:\/\/www.elamazonico.com\/portal\/wp-json\/wp\/v2\/types\/post"}],"author":[{"embeddable":true,"href":"https:\/\/www.elamazonico.com\/portal\/wp-json\/wp\/v2\/users\/1"}],"replies":[{"embeddable":true,"href":"https:\/\/www.elamazonico.com\/portal\/wp-json\/wp\/v2\/comments?post=5134"}],"version-history":[{"count":1,"href":"https:\/\/www.elamazonico.com\/portal\/wp-json\/wp\/v2\/posts\/5134\/revisions"}],"predecessor-version":[{"id":5136,"href":"https:\/\/www.elamazonico.com\/portal\/wp-json\/wp\/v2\/posts\/5134\/revisions\/5136"}],"wp:featuredmedia":[{"embeddable":true,"href":"https:\/\/www.elamazonico.com\/portal\/wp-json\/wp\/v2\/media\/5135"}],"wp:attachment":[{"href":"https:\/\/www.elamazonico.com\/portal\/wp-json\/wp\/v2\/media?parent=5134"}],"wp:term":[{"taxonomy":"category","embeddable":true,"href":"https:\/\/www.elamazonico.com\/portal\/wp-json\/wp\/v2\/categories?post=5134"},{"taxonomy":"post_tag","embeddable":true,"href":"https:\/\/www.elamazonico.com\/portal\/wp-json\/wp\/v2\/tags?post=5134"}],"curies":[{"name":"wp","href":"https:\/\/api.w.org\/{rel}","templated":true}]}}