{"id":5121,"date":"2022-07-28T18:04:59","date_gmt":"2022-07-28T23:04:59","guid":{"rendered":"https:\/\/www.elamazonico.com\/portal\/?p=5121"},"modified":"2022-07-28T18:05:13","modified_gmt":"2022-07-28T23:05:13","slug":"fallece-el-fundador-y-ex-presidente-de-la-junta-directiva-de-lundin-gold-lukas-h-lundin","status":"publish","type":"post","link":"https:\/\/www.elamazonico.com\/portal\/fallece-el-fundador-y-ex-presidente-de-la-junta-directiva-de-lundin-gold-lukas-h-lundin\/","title":{"rendered":"Fallece el fundador y ex presidente de la junta directiva de Lundin Gold Lukas h. Lundin"},"content":{"rendered":"\n<p>Lundin Gold Inc. (TSX: LUG; Nasdaq Estocolmo: LUG) (\u00abLundin Gold\u00bb o la \u00abCompa\u00f1\u00eda\u00bb) lamenta anunciar que el fundador y expresidente de la Junta Directiva de la Compa\u00f1\u00eda, el Sr. Lukas H. Lundin, falleci\u00f3 en Ginebra, Suiza, el 26 de julio de 2022 a la edad de 64 a\u00f1os, luego de una batalla de 2 a\u00f1os contra el c\u00e1ncer cerebral.<\/p>\n\n\n\n<p>Durante los \u00faltimos 40 a\u00f1os, el Sr. Lundin ha sido un motor fundamental detr\u00e1s del gran \u00e9xito del Grupo de Compa\u00f1\u00edas Lundin, incluida Lundin Gold. Lukas inici\u00f3 su carrera en el sector internacional de la energ\u00eda y la miner\u00eda a principios de la d\u00e9cada de 1980, trabajando junto a su padre, el difunto Adolf H. Lundin.<\/p>\n\n\n\n<p>Bajo el liderazgo de Lukas y de su hermano Ian, y en estrecha colaboraci\u00f3n con el resto de la familia Lundin, el Grupo de Compa\u00f1\u00edas Lundin se ha convertido en un grupo de empresas de energ\u00eda y miner\u00eda reconocido internacionalmente con operaciones en todo el mundo, que emplea a m\u00e1s de 15.000 personas y que crea oportunidades para decenas de miles m\u00e1s.<\/p>\n\n\n\n<p>Hoy en d\u00eda, las 11 empresas que conforman el Grupo de Compa\u00f1\u00edas Lundin tienen una capitalizaci\u00f3n de mercado combinada de aproximadamente USD 11 mil millones.<\/p>\n\n\n\n<p>Lukas Lundin fund\u00f3 Lundin Gold en 2014 y fue presidente de la Junta Directiva hasta que renunci\u00f3 en mayo de 2022. En su rol como presidente, el Sr. Lundin supervis\u00f3 el desarrollo de la mina de oro Fruta del Norte de Lundin Gold en Ecuador y el posicionamiento exitoso de la Compa\u00f1\u00eda como un importante productor de oro con s\u00f3lidos flujos de caja y un enfoque hacia la miner\u00eda responsable.<\/p>\n\n\n\n<p>Los hijos de Lukas Lundin, Harry, Adam, Jack y William, han manifestado en un comunicado conjunto: \u201cNuestro padre es nuestra mayor inspiraci\u00f3n. Su pasi\u00f3n por las industrias a las que dedic\u00f3 su vida no ten\u00eda precedentes. Lukas vio a las personas como la clave del \u00e9xito y dedic\u00f3 d\u00e9cadas a crear algunos de los equipos de gesti\u00f3n m\u00e1s<\/p>\n\n\n\n<p>s\u00f3lidos de nuestras industrias. Siempre se esforz\u00f3 por empoderar a quienes trabajaban con \u00e9l y nos motiv\u00f3 continuamente a apuntar m\u00e1s alto. No podr\u00edamos haber tenido un mejor padre y mentor. Nuestra familia est\u00e1 profundamente entristecida por el &nbsp;allecimiento de Lukas, pero se consuela al saber que su legado perdurar\u00e1 en las generaciones venideras. Luego de trabajar junto a Lukas durante muchos a\u00f1os, esperamos seguir construyendo sobre los \u00e9xitos de las empresas dentro del Grupo Lundin, con el apoyo de nuestros accionistas y grupos de inter\u00e9s, en particular los integrantes de las comunidades donde operamos. Las empresas del Grupo Lundin se mantienen m\u00e1s fuertes que nunca y la familia Lundin est\u00e1 unida en su compromiso de continuar como accionistas a largo plazo\u201d.<\/p>\n\n\n\n<p>El presidente y director ejecutivo de Lundin Gold, Ron Hochstein, comenta: \u201cLundin Gold es la materializaci\u00f3n de los principios fundamentales del \u00e9xito de Lukas y del Grupo Lundin. Fue su visi\u00f3n de un gran activo en Fruta del Norte y de ir a Ecuador, un pa\u00eds que muchos consideraban de alto riesgo e inviable, lo que lo llev\u00f3 a la creaci\u00f3n de Lundin Gold. Gracias a la visi\u00f3n y perseverancia de Lukas, la construcci\u00f3n y operaci\u00f3n de Fruta del Norte ha cambiado miles de vidas en Zamora Chinchipe y ha convertido a Ecuador en una nueva frontera para el sector minero responsable\u201d.<\/p>\n","protected":false},"excerpt":{"rendered":"<p>Lundin Gold Inc. (TSX: LUG; Nasdaq Estocolmo: LUG) (\u00abLundin Gold\u00bb o la \u00abCompa\u00f1\u00eda\u00bb) lamenta anunciar que el fundador y expresidente de la Junta Directiva de la Compa\u00f1\u00eda, el Sr. Lukas H. Lundin, falleci\u00f3 en Ginebra, Suiza, el 26 de julio de 2022 a la edad de 64 a\u00f1os, luego de una batalla de 2 a\u00f1os contra el c\u00e1ncer cerebral. Durante los \u00faltimos 40 a\u00f1os, el Sr. Lundin ha sido un motor fundamental detr\u00e1s del gran \u00e9xito del Grupo de Compa\u00f1\u00edas Lundin, incluida Lundin Gold. Lukas inici\u00f3 su carrera en el sector internacional de la energ\u00eda y la miner\u00eda a principios de la d\u00e9cada de 1980, trabajando junto a su padre, el difunto Adolf H. Lundin. Bajo el liderazgo de Lukas y de su hermano Ian, y en estrecha colaboraci\u00f3n con el resto de la familia Lundin, el Grupo de Compa\u00f1\u00edas Lundin se ha convertido en un grupo de empresas de energ\u00eda y miner\u00eda reconocido internacionalmente con operaciones en todo el mundo, que emplea a m\u00e1s de 15.000 personas y que crea oportunidades para decenas de miles m\u00e1s. Hoy en d\u00eda, las 11 empresas que conforman el Grupo de Compa\u00f1\u00edas Lundin tienen una capitalizaci\u00f3n de mercado combinada de aproximadamente USD 11 mil millones. Lukas Lundin fund\u00f3 Lundin Gold en 2014 y fue presidente de la Junta Directiva hasta que renunci\u00f3 en mayo de 2022. En su rol como presidente, el Sr. Lundin supervis\u00f3 el desarrollo de la mina de oro Fruta del Norte de Lundin Gold en Ecuador y el posicionamiento exitoso de la Compa\u00f1\u00eda como un importante productor de oro con s\u00f3lidos flujos de caja y un enfoque hacia la miner\u00eda responsable. Los hijos de Lukas Lundin, Harry, Adam, Jack y William, han manifestado en un comunicado conjunto: \u201cNuestro padre es nuestra mayor inspiraci\u00f3n. Su pasi\u00f3n por las industrias a las que dedic\u00f3 su vida no ten\u00eda precedentes. Lukas vio a las personas como la clave del \u00e9xito y dedic\u00f3 d\u00e9cadas a crear algunos de los equipos de gesti\u00f3n m\u00e1s s\u00f3lidos de nuestras industrias. Siempre se esforz\u00f3 por empoderar a quienes trabajaban con \u00e9l y nos motiv\u00f3 continuamente a apuntar m\u00e1s alto. No podr\u00edamos haber tenido un mejor padre y mentor. Nuestra familia est\u00e1 profundamente entristecida por el &nbsp;allecimiento de Lukas, pero se consuela al saber que su legado perdurar\u00e1 en las generaciones venideras. Luego de trabajar junto a Lukas durante muchos a\u00f1os, esperamos seguir construyendo sobre los \u00e9xitos de las empresas dentro del Grupo Lundin, con el apoyo de nuestros accionistas y grupos de inter\u00e9s, en particular los integrantes de las comunidades donde operamos. Las empresas del Grupo Lundin se mantienen m\u00e1s fuertes que nunca y la familia Lundin est\u00e1 unida en su compromiso de continuar como accionistas a largo plazo\u201d. El presidente y director ejecutivo de Lundin Gold, Ron Hochstein, comenta: \u201cLundin Gold es la materializaci\u00f3n de los principios fundamentales del \u00e9xito de Lukas y del Grupo Lundin. Fue su visi\u00f3n de un gran activo en Fruta del Norte y de ir a Ecuador, un pa\u00eds que muchos consideraban de alto riesgo e inviable, lo que lo llev\u00f3 a la creaci\u00f3n de Lundin Gold. Gracias a la visi\u00f3n y perseverancia de Lukas, la construcci\u00f3n y operaci\u00f3n de Fruta del Norte ha cambiado miles de vidas en Zamora Chinchipe y ha convertido a Ecuador en una nueva frontera para el sector minero responsable\u201d.<\/p>\n","protected":false},"author":1,"featured_media":5122,"comment_status":"open","ping_status":"open","sticky":false,"template":"","format":"standard","meta":{"footnotes":""},"categories":[268,243],"tags":[],"class_list":["post-5121","post","type-post","status-publish","format-standard","has-post-thumbnail","hentry","category-nacionales","category-noticias-zamora"],"_links":{"self":[{"href":"https:\/\/www.elamazonico.com\/portal\/wp-json\/wp\/v2\/posts\/5121","targetHints":{"allow":["GET"]}}],"collection":[{"href":"https:\/\/www.elamazonico.com\/portal\/wp-json\/wp\/v2\/posts"}],"about":[{"href":"https:\/\/www.elamazonico.com\/portal\/wp-json\/wp\/v2\/types\/post"}],"author":[{"embeddable":true,"href":"https:\/\/www.elamazonico.com\/portal\/wp-json\/wp\/v2\/users\/1"}],"replies":[{"embeddable":true,"href":"https:\/\/www.elamazonico.com\/portal\/wp-json\/wp\/v2\/comments?post=5121"}],"version-history":[{"count":1,"href":"https:\/\/www.elamazonico.com\/portal\/wp-json\/wp\/v2\/posts\/5121\/revisions"}],"predecessor-version":[{"id":5123,"href":"https:\/\/www.elamazonico.com\/portal\/wp-json\/wp\/v2\/posts\/5121\/revisions\/5123"}],"wp:featuredmedia":[{"embeddable":true,"href":"https:\/\/www.elamazonico.com\/portal\/wp-json\/wp\/v2\/media\/5122"}],"wp:attachment":[{"href":"https:\/\/www.elamazonico.com\/portal\/wp-json\/wp\/v2\/media?parent=5121"}],"wp:term":[{"taxonomy":"category","embeddable":true,"href":"https:\/\/www.elamazonico.com\/portal\/wp-json\/wp\/v2\/categories?post=5121"},{"taxonomy":"post_tag","embeddable":true,"href":"https:\/\/www.elamazonico.com\/portal\/wp-json\/wp\/v2\/tags?post=5121"}],"curies":[{"name":"wp","href":"https:\/\/api.w.org\/{rel}","templated":true}]}}