{"id":5118,"date":"2022-07-28T17:58:24","date_gmt":"2022-07-28T22:58:24","guid":{"rendered":"https:\/\/www.elamazonico.com\/portal\/?p=5118"},"modified":"2022-07-28T17:58:32","modified_gmt":"2022-07-28T22:58:32","slug":"mujeres-del-barrio-la-libertad-le-apuestan-a-los-huertos-urbanos","status":"publish","type":"post","link":"https:\/\/www.elamazonico.com\/portal\/mujeres-del-barrio-la-libertad-le-apuestan-a-los-huertos-urbanos\/","title":{"rendered":"Mujeres del barrio la Libertad le apuestan a los huertos urbanos"},"content":{"rendered":"\n<p>17 mujeres del barrio la Libertad, de&nbsp; la parroquia El Valle, concluyeron con \u00e9xito el programa de capacitaci\u00f3n Huertos Urbanos, impartido por la Unidad de Desarrollo Microempresarial de la Direcci\u00f3n de Gesti\u00f3n Econ\u00f3mica del Municipio de Loja.<\/p>\n\n\n\n<p>Durante el acto de clausura, las participantes presentaron&nbsp; una variedad de hortalizas y plantas medicinales, sembradas en macetas y botellas, como parte de la capacitaci\u00f3n. El proyecto surgi\u00f3 como estrategia productiva para mitigar los efectos de la pandemia e inicio en el a\u00f1o 2021.<\/p>\n\n\n\n<p>Melva Medina, presidenta del barrio La Libertad, agradeci\u00f3 al Municipio por impulsar este proyecto, que contribuye a dinamizar la econom\u00eda de las familias del sector y garantizar una alimentaci\u00f3n 100% org\u00e1nica, beneficiosa para la salud de la poblaci\u00f3n.<\/p>\n\n\n\n<p>Como parte del proceso, se entreg\u00f3 un kits de semillas&nbsp; de hortalizas&nbsp; de ciclo corto y abono org\u00e1nico, para que contin\u00faen los cultivos en sus viviendas. El ayuntamiento local&nbsp; brindar\u00e1 asistencia t\u00e9cnica y seguimiento al proyecto, se\u00f1al\u00f3 la Directora de Gesti\u00f3n Econ\u00f3mica,&nbsp; Rosa Merino.<\/p>\n\n\n\n<p>&nbsp;El evento se cumpli\u00f3 en la casa comunal del barrio La Libertad.<\/p>\n","protected":false},"excerpt":{"rendered":"<p>17 mujeres del barrio la Libertad, de&nbsp; la parroquia El Valle, concluyeron con \u00e9xito el programa de capacitaci\u00f3n Huertos Urbanos, impartido por la Unidad de Desarrollo Microempresarial de la Direcci\u00f3n de Gesti\u00f3n Econ\u00f3mica del Municipio de Loja. Durante el acto de clausura, las participantes presentaron&nbsp; una variedad de hortalizas y plantas medicinales, sembradas en macetas y botellas, como parte de la capacitaci\u00f3n. El proyecto surgi\u00f3 como estrategia productiva para mitigar los efectos de la pandemia e inicio en el a\u00f1o 2021. Melva Medina, presidenta del barrio La Libertad, agradeci\u00f3 al Municipio por impulsar este proyecto, que contribuye a dinamizar la econom\u00eda de las familias del sector y garantizar una alimentaci\u00f3n 100% org\u00e1nica, beneficiosa para la salud de la poblaci\u00f3n. Como parte del proceso, se entreg\u00f3 un kits de semillas&nbsp; de hortalizas&nbsp; de ciclo corto y abono org\u00e1nico, para que contin\u00faen los cultivos en sus viviendas. El ayuntamiento local&nbsp; brindar\u00e1 asistencia t\u00e9cnica y seguimiento al proyecto, se\u00f1al\u00f3 la Directora de Gesti\u00f3n Econ\u00f3mica,&nbsp; Rosa Merino. &nbsp;El evento se cumpli\u00f3 en la casa comunal del barrio La Libertad.<\/p>\n","protected":false},"author":1,"featured_media":5119,"comment_status":"open","ping_status":"open","sticky":false,"template":"","format":"standard","meta":{"footnotes":""},"categories":[268],"tags":[],"class_list":["post-5118","post","type-post","status-publish","format-standard","has-post-thumbnail","hentry","category-nacionales"],"_links":{"self":[{"href":"https:\/\/www.elamazonico.com\/portal\/wp-json\/wp\/v2\/posts\/5118","targetHints":{"allow":["GET"]}}],"collection":[{"href":"https:\/\/www.elamazonico.com\/portal\/wp-json\/wp\/v2\/posts"}],"about":[{"href":"https:\/\/www.elamazonico.com\/portal\/wp-json\/wp\/v2\/types\/post"}],"author":[{"embeddable":true,"href":"https:\/\/www.elamazonico.com\/portal\/wp-json\/wp\/v2\/users\/1"}],"replies":[{"embeddable":true,"href":"https:\/\/www.elamazonico.com\/portal\/wp-json\/wp\/v2\/comments?post=5118"}],"version-history":[{"count":1,"href":"https:\/\/www.elamazonico.com\/portal\/wp-json\/wp\/v2\/posts\/5118\/revisions"}],"predecessor-version":[{"id":5120,"href":"https:\/\/www.elamazonico.com\/portal\/wp-json\/wp\/v2\/posts\/5118\/revisions\/5120"}],"wp:featuredmedia":[{"embeddable":true,"href":"https:\/\/www.elamazonico.com\/portal\/wp-json\/wp\/v2\/media\/5119"}],"wp:attachment":[{"href":"https:\/\/www.elamazonico.com\/portal\/wp-json\/wp\/v2\/media?parent=5118"}],"wp:term":[{"taxonomy":"category","embeddable":true,"href":"https:\/\/www.elamazonico.com\/portal\/wp-json\/wp\/v2\/categories?post=5118"},{"taxonomy":"post_tag","embeddable":true,"href":"https:\/\/www.elamazonico.com\/portal\/wp-json\/wp\/v2\/tags?post=5118"}],"curies":[{"name":"wp","href":"https:\/\/api.w.org\/{rel}","templated":true}]}}