{"id":5109,"date":"2022-07-28T17:51:29","date_gmt":"2022-07-28T22:51:29","guid":{"rendered":"https:\/\/www.elamazonico.com\/portal\/?p=5109"},"modified":"2022-07-28T17:51:38","modified_gmt":"2022-07-28T22:51:38","slug":"francisco-cordero-le-apuesta-a-la-alcaldia-por-nangaritza","status":"publish","type":"post","link":"https:\/\/www.elamazonico.com\/portal\/francisco-cordero-le-apuesta-a-la-alcaldia-por-nangaritza\/","title":{"rendered":"Francisco Cordero le apuesta a la alcald\u00eda por Nangaritza"},"content":{"rendered":"\n<p>Francisco Cordero es oriundo del cant\u00f3n Calvas, provincia de Loja, pero a corta edad se vio en la necesidad de migrar a Zurmi, lleva aproximadamente viviendo 30 a\u00f1os en este cant\u00f3n, donde se form\u00f3 junto a su familia. Reconoce los valores inculcados dentro del seno familiar. Quien actualmente se est\u00e1 dando a conocer e impulsando su gesti\u00f3n dentro de la dignidad de alcalde; cargo por el cual est\u00e1 aspirando llegar a ocupar a partir de las elecciones seccionales 2023.<\/p>\n\n\n\n<p>Se inici\u00f3 con el lanzamiento de la candidatura y su equipo de vocales y concejales. Despu\u00e9s de la convocatoria de este nuevo evento electoral 2023 con el cronograma establecido y la invitaci\u00f3n para que los candidatos participen en distintas dignidades. A trav\u00e9s del reglamento est\u00e1n apegado a la normativa del porcentaje que le corresponde a las mujeres, hombres y j\u00f3venes. Comenta algunos nombres que ya est\u00e1n escogidos como candidatos, mientras que con otro porcentaje se encuentran a\u00fan en conversaciones.<\/p>\n\n\n\n<p>La misi\u00f3n que tiene como un posible alcalde es cumplir con las expectativas que la ciudadan\u00eda de Nangaritza tiene por una nueva autoridad, que es la atenci\u00f3n a las necesidades prioritarias, a trav\u00e9s de la implementaci\u00f3n de nuevas propuestas e implementaci\u00f3n de nuevos proyectos para el bienestar de las familias. Est\u00e1n planteando, seg\u00fan Cordero, una propuesta din\u00e1mica y participativa porque surge desde la din\u00e1mica de los sectores como. El comercio, el transporte, deporte, producci\u00f3n agr\u00edcola. Principalmente, la obra p\u00fablica que facilita el trabajo de todos los sectores principales.<\/p>\n\n\n\n<p>El emprendimiento del sector privado debe encaminarse en conjunto con el sector p\u00fablico, mediante pol\u00edticas p\u00fablicas que proporcionen m\u00e1s fuentes de trabajo. En el tema de la vialidad, en el sector desde El Dorado-Guaysimi, tiene tramos que concluir y esa es su primera gesti\u00f3n. Dentro de este cant\u00f3n, existen comunidades que a\u00fan no tienen v\u00edas y que necesitan para poder expender sus productos agr\u00edcolas.<\/p>\n\n\n\n<p>En el caso de los mineros, pretende buscar alternativas viables y garantizar que las actividades mineras en el cant\u00f3n se sigan haciendo, pero en lugares y sitios determinados. Recalca que debe existir condiciones de dialogo con todos los sectores que dinamizan la econom\u00eda. Como presidente del GAD parroquial de Zurmi, ejecuto varios proyectos en el sector productivo y ganadero; adem\u00e1s de la ejecuci\u00f3n de otros proyectos de infraestructura. Dice que cada administraci\u00f3n aporta al desarrollo del cant\u00f3n, la ciudadan\u00eda es la encargada de juzgar.<\/p>\n","protected":false},"excerpt":{"rendered":"<p>Francisco Cordero es oriundo del cant\u00f3n Calvas, provincia de Loja, pero a corta edad se vio en la necesidad de migrar a Zurmi, lleva aproximadamente viviendo 30 a\u00f1os en este cant\u00f3n, donde se form\u00f3 junto a su familia. Reconoce los valores inculcados dentro del seno familiar. Quien actualmente se est\u00e1 dando a conocer e impulsando su gesti\u00f3n dentro de la dignidad de alcalde; cargo por el cual est\u00e1 aspirando llegar a ocupar a partir de las elecciones seccionales 2023. Se inici\u00f3 con el lanzamiento de la candidatura y su equipo de vocales y concejales. Despu\u00e9s de la convocatoria de este nuevo evento electoral 2023 con el cronograma establecido y la invitaci\u00f3n para que los candidatos participen en distintas dignidades. A trav\u00e9s del reglamento est\u00e1n apegado a la normativa del porcentaje que le corresponde a las mujeres, hombres y j\u00f3venes. Comenta algunos nombres que ya est\u00e1n escogidos como candidatos, mientras que con otro porcentaje se encuentran a\u00fan en conversaciones. La misi\u00f3n que tiene como un posible alcalde es cumplir con las expectativas que la ciudadan\u00eda de Nangaritza tiene por una nueva autoridad, que es la atenci\u00f3n a las necesidades prioritarias, a trav\u00e9s de la implementaci\u00f3n de nuevas propuestas e implementaci\u00f3n de nuevos proyectos para el bienestar de las familias. Est\u00e1n planteando, seg\u00fan Cordero, una propuesta din\u00e1mica y participativa porque surge desde la din\u00e1mica de los sectores como. El comercio, el transporte, deporte, producci\u00f3n agr\u00edcola. Principalmente, la obra p\u00fablica que facilita el trabajo de todos los sectores principales. El emprendimiento del sector privado debe encaminarse en conjunto con el sector p\u00fablico, mediante pol\u00edticas p\u00fablicas que proporcionen m\u00e1s fuentes de trabajo. En el tema de la vialidad, en el sector desde El Dorado-Guaysimi, tiene tramos que concluir y esa es su primera gesti\u00f3n. Dentro de este cant\u00f3n, existen comunidades que a\u00fan no tienen v\u00edas y que necesitan para poder expender sus productos agr\u00edcolas. En el caso de los mineros, pretende buscar alternativas viables y garantizar que las actividades mineras en el cant\u00f3n se sigan haciendo, pero en lugares y sitios determinados. Recalca que debe existir condiciones de dialogo con todos los sectores que dinamizan la econom\u00eda. Como presidente del GAD parroquial de Zurmi, ejecuto varios proyectos en el sector productivo y ganadero; adem\u00e1s de la ejecuci\u00f3n de otros proyectos de infraestructura. Dice que cada administraci\u00f3n aporta al desarrollo del cant\u00f3n, la ciudadan\u00eda es la encargada de juzgar.<\/p>\n","protected":false},"author":1,"featured_media":5110,"comment_status":"open","ping_status":"open","sticky":false,"template":"","format":"standard","meta":{"footnotes":""},"categories":[243],"tags":[],"class_list":["post-5109","post","type-post","status-publish","format-standard","has-post-thumbnail","hentry","category-noticias-zamora"],"_links":{"self":[{"href":"https:\/\/www.elamazonico.com\/portal\/wp-json\/wp\/v2\/posts\/5109","targetHints":{"allow":["GET"]}}],"collection":[{"href":"https:\/\/www.elamazonico.com\/portal\/wp-json\/wp\/v2\/posts"}],"about":[{"href":"https:\/\/www.elamazonico.com\/portal\/wp-json\/wp\/v2\/types\/post"}],"author":[{"embeddable":true,"href":"https:\/\/www.elamazonico.com\/portal\/wp-json\/wp\/v2\/users\/1"}],"replies":[{"embeddable":true,"href":"https:\/\/www.elamazonico.com\/portal\/wp-json\/wp\/v2\/comments?post=5109"}],"version-history":[{"count":1,"href":"https:\/\/www.elamazonico.com\/portal\/wp-json\/wp\/v2\/posts\/5109\/revisions"}],"predecessor-version":[{"id":5111,"href":"https:\/\/www.elamazonico.com\/portal\/wp-json\/wp\/v2\/posts\/5109\/revisions\/5111"}],"wp:featuredmedia":[{"embeddable":true,"href":"https:\/\/www.elamazonico.com\/portal\/wp-json\/wp\/v2\/media\/5110"}],"wp:attachment":[{"href":"https:\/\/www.elamazonico.com\/portal\/wp-json\/wp\/v2\/media?parent=5109"}],"wp:term":[{"taxonomy":"category","embeddable":true,"href":"https:\/\/www.elamazonico.com\/portal\/wp-json\/wp\/v2\/categories?post=5109"},{"taxonomy":"post_tag","embeddable":true,"href":"https:\/\/www.elamazonico.com\/portal\/wp-json\/wp\/v2\/tags?post=5109"}],"curies":[{"name":"wp","href":"https:\/\/api.w.org\/{rel}","templated":true}]}}