{"id":5101,"date":"2022-07-27T10:00:38","date_gmt":"2022-07-27T15:00:38","guid":{"rendered":"https:\/\/www.elamazonico.com\/portal\/?p=5101"},"modified":"2022-07-27T10:00:44","modified_gmt":"2022-07-27T15:00:44","slug":"construyen-una-vivienda-para-familia-de-escasos-recursos-en-san-carlos-de-las-minas","status":"publish","type":"post","link":"https:\/\/www.elamazonico.com\/portal\/construyen-una-vivienda-para-familia-de-escasos-recursos-en-san-carlos-de-las-minas\/","title":{"rendered":"Construyen una vivienda para familia de escasos recursos, en San Carlos de las Minas."},"content":{"rendered":"\n<p>En la parroquia San Carlos de las Minas, una familia de escasos recursos que viv\u00edan en condiciones precarias, desde el pasado s\u00e1bado 23 de julio de 2022, ya cuenta con una casa, en la que podr\u00e1 vivir en mejores condiciones y a salvo del fr\u00edo y la lluvia.<\/p>\n\n\n\n<p>Macrina Medina, beneficiar\u00eda, agradeci\u00f3 al alcalde del cant\u00f3n, Manuel Gonz\u00e1lez, autoridades y moradores de la parroquia por sumar esfuerzos para construir su vivienda.<\/p>\n\n\n\n<p>\u201cMe siento contenta de ver como todas las personas han colaborado con un granito de arena y me han ayudado a cristalizar mi gran sue\u00f1o. Esto queda como evidencia, que las autoridades actuales tienen un alto esp\u00edritu de colaboraci\u00f3n y gesti\u00f3n para ayudar a las personas que m\u00e1s lo necesitan\u201d \u201csolo Dios les pagar\u00e1\u201d, recalc\u00f3 Medina.<\/p>\n\n\n\n<p>Freddy Ortega, Teniente Pol\u00edtico de San Carlos de las Minas, expres\u00f3 un agradecimiento a Byron Medina, director de Medio Ambiente, por la entrega en donaci\u00f3n de madera, material que sirvi\u00f3 para la construcci\u00f3n de la vivienda, asimismo, agradeci\u00f3 al alcalde del cant\u00f3n Zamora, Manuel Gonz\u00e1lez, por la colaboraci\u00f3n de mano de obra y materiales para la edificaci\u00f3n, adem\u00e1s dej\u00f3 en alto el agradecimiento a la empresa privada y moradores de la parroquia, por permitir la construcci\u00f3n y entrega de la vivienda a una familia de escasos recursos de la parroquia.<\/p>\n\n\n\n<p>Por su parte, Wilmer Espinoza, vocal del GAD parroquial de San Carlos de las Minas, indic\u00f3 sentirse muy emocionado al formar parte de la miga, para entregar la vivienda en mejores condiciones, a una familia de escasos recursos.<\/p>\n\n\n\n<p>El vicepresidente de la parroquia, San Carlos de las Minas, indic\u00f3 tambi\u00e9n que gracias al aporte de cada uno de los ciudadanos y autoridades, la vida de la familia mejorar\u00e1 sus condiciones de vida.<\/p>\n\n\n\n<p>En este contexto, Manuel Gonz\u00e1lez, alcalde del cant\u00f3n Zamora, dijo que se ha llevado a cabo una minga en conjunto con el teniente pol\u00edtico, autoridades y habitantes de San Carlos de las Minas y se ha podido finalmente culminar con la obra.<\/p>\n\n\n\n<p>\u201cSeguiremos trabajando coordinadamente con todas las autoridades del cant\u00f3n Zamora, conocemos las m\u00faltiples necesidades de cada uno de los habitantes, pero es necesario llegar temprano, con la ayuda a las personas que m\u00e1s lo necesitan\u201d, concluy\u00f3 la primera autoridad cantonal.<\/p>\n","protected":false},"excerpt":{"rendered":"<p>En la parroquia San Carlos de las Minas, una familia de escasos recursos que viv\u00edan en condiciones precarias, desde el pasado s\u00e1bado 23 de julio de 2022, ya cuenta con una casa, en la que podr\u00e1 vivir en mejores condiciones y a salvo del fr\u00edo y la lluvia. Macrina Medina, beneficiar\u00eda, agradeci\u00f3 al alcalde del cant\u00f3n, Manuel Gonz\u00e1lez, autoridades y moradores de la parroquia por sumar esfuerzos para construir su vivienda. \u201cMe siento contenta de ver como todas las personas han colaborado con un granito de arena y me han ayudado a cristalizar mi gran sue\u00f1o. Esto queda como evidencia, que las autoridades actuales tienen un alto esp\u00edritu de colaboraci\u00f3n y gesti\u00f3n para ayudar a las personas que m\u00e1s lo necesitan\u201d \u201csolo Dios les pagar\u00e1\u201d, recalc\u00f3 Medina. Freddy Ortega, Teniente Pol\u00edtico de San Carlos de las Minas, expres\u00f3 un agradecimiento a Byron Medina, director de Medio Ambiente, por la entrega en donaci\u00f3n de madera, material que sirvi\u00f3 para la construcci\u00f3n de la vivienda, asimismo, agradeci\u00f3 al alcalde del cant\u00f3n Zamora, Manuel Gonz\u00e1lez, por la colaboraci\u00f3n de mano de obra y materiales para la edificaci\u00f3n, adem\u00e1s dej\u00f3 en alto el agradecimiento a la empresa privada y moradores de la parroquia, por permitir la construcci\u00f3n y entrega de la vivienda a una familia de escasos recursos de la parroquia. Por su parte, Wilmer Espinoza, vocal del GAD parroquial de San Carlos de las Minas, indic\u00f3 sentirse muy emocionado al formar parte de la miga, para entregar la vivienda en mejores condiciones, a una familia de escasos recursos. El vicepresidente de la parroquia, San Carlos de las Minas, indic\u00f3 tambi\u00e9n que gracias al aporte de cada uno de los ciudadanos y autoridades, la vida de la familia mejorar\u00e1 sus condiciones de vida. En este contexto, Manuel Gonz\u00e1lez, alcalde del cant\u00f3n Zamora, dijo que se ha llevado a cabo una minga en conjunto con el teniente pol\u00edtico, autoridades y habitantes de San Carlos de las Minas y se ha podido finalmente culminar con la obra. \u201cSeguiremos trabajando coordinadamente con todas las autoridades del cant\u00f3n Zamora, conocemos las m\u00faltiples necesidades de cada uno de los habitantes, pero es necesario llegar temprano, con la ayuda a las personas que m\u00e1s lo necesitan\u201d, concluy\u00f3 la primera autoridad cantonal.<\/p>\n","protected":false},"author":1,"featured_media":5102,"comment_status":"open","ping_status":"open","sticky":false,"template":"","format":"standard","meta":{"footnotes":""},"categories":[243],"tags":[],"class_list":["post-5101","post","type-post","status-publish","format-standard","has-post-thumbnail","hentry","category-noticias-zamora"],"_links":{"self":[{"href":"https:\/\/www.elamazonico.com\/portal\/wp-json\/wp\/v2\/posts\/5101","targetHints":{"allow":["GET"]}}],"collection":[{"href":"https:\/\/www.elamazonico.com\/portal\/wp-json\/wp\/v2\/posts"}],"about":[{"href":"https:\/\/www.elamazonico.com\/portal\/wp-json\/wp\/v2\/types\/post"}],"author":[{"embeddable":true,"href":"https:\/\/www.elamazonico.com\/portal\/wp-json\/wp\/v2\/users\/1"}],"replies":[{"embeddable":true,"href":"https:\/\/www.elamazonico.com\/portal\/wp-json\/wp\/v2\/comments?post=5101"}],"version-history":[{"count":1,"href":"https:\/\/www.elamazonico.com\/portal\/wp-json\/wp\/v2\/posts\/5101\/revisions"}],"predecessor-version":[{"id":5103,"href":"https:\/\/www.elamazonico.com\/portal\/wp-json\/wp\/v2\/posts\/5101\/revisions\/5103"}],"wp:featuredmedia":[{"embeddable":true,"href":"https:\/\/www.elamazonico.com\/portal\/wp-json\/wp\/v2\/media\/5102"}],"wp:attachment":[{"href":"https:\/\/www.elamazonico.com\/portal\/wp-json\/wp\/v2\/media?parent=5101"}],"wp:term":[{"taxonomy":"category","embeddable":true,"href":"https:\/\/www.elamazonico.com\/portal\/wp-json\/wp\/v2\/categories?post=5101"},{"taxonomy":"post_tag","embeddable":true,"href":"https:\/\/www.elamazonico.com\/portal\/wp-json\/wp\/v2\/tags?post=5101"}],"curies":[{"name":"wp","href":"https:\/\/api.w.org\/{rel}","templated":true}]}}