{"id":5088,"date":"2022-07-27T09:29:30","date_gmt":"2022-07-27T14:29:30","guid":{"rendered":"https:\/\/www.elamazonico.com\/portal\/?p=5088"},"modified":"2022-07-27T09:29:36","modified_gmt":"2022-07-27T14:29:36","slug":"arranco-la-construccion-de-alumbrado-en-la-via-de-entrada-a-el-guismi","status":"publish","type":"post","link":"https:\/\/www.elamazonico.com\/portal\/arranco-la-construccion-de-alumbrado-en-la-via-de-entrada-a-el-guismi\/","title":{"rendered":"Arranc\u00f3 la construcci\u00f3n de alumbrado en la v\u00eda de entrada a el Guismi"},"content":{"rendered":"\n<p>La ma\u00f1ana de ayer, con la colocaci\u00f3n de la primera piedra se dio inicio a la Construcci\u00f3n del Alumbrado P\u00fablico sobre la v\u00eda de entrada a la parroquia El Guismi, obra que beneficiar\u00e1 a centenares de familias de esta localidad.<\/p>\n\n\n\n<p>Para Mar\u00eda Zhizhp\u00f3n, moradora de El Guismi, este es un sue\u00f1o anhelado por todos los pobladores de esta parroquia, \u201cla obra marca una p\u00e1gina de m\u00e1s en el libro del desarrollo para el Guismi\u201d enfatiz\u00f3, asimismo agradeci\u00f3 a las autoridades cantonales.<\/p>\n\n\n\n<p>Para el concejal rural Rolando Segovia, esta obra es fundamental ya que permite dar seguridad vial y peatonal para evitar accidentes y temas de delincuencia \u201cse\u00f1or alcalde no desmayemos, en el tiempo que nos queda vamos con m\u00e1s fuerza a continuar con m\u00e1s obras que nuestro pueblo lo necesita, todo esto a pesar de las dificultades econ\u00f3micas\u201d indic\u00f3.<\/p>\n\n\n\n<p>La primera autoridad cantonal, Carlos Pun\u00edn con visible entusiasmo enfatiz\u00f3 que esto es gracias al trabajo colaborativo entre todo el cabildo donde persiguen el \u00fanico objetivo de servir a la ciudadan\u00eda, este proyecto abarcar\u00e1 desde la Y\u00e9 de El Guismi hasta el ingreso a la ciudad, explic\u00f3.<\/p>\n\n\n\n<p>El proyecto de electrificaci\u00f3n bordea los USD 91.000 exterioriz\u00f3 el burgomaestre, asimismo, puntualiz\u00f3 que esto generar\u00e1 oportunidades laborales para los habitantes.<\/p>\n\n\n\n<p>Finalmente, Manuel Quituisaca, presidente del Gobierno Parroquial dej\u00f3 sentado su agradecimiento a las autoridades del ayuntamiento por cumplir con este ofrecimiento, tambi\u00e9n hizo \u00e9nfasis en los proyectos que la municipalidad ha edificado en la parroquia.<\/p>\n","protected":false},"excerpt":{"rendered":"<p>La ma\u00f1ana de ayer, con la colocaci\u00f3n de la primera piedra se dio inicio a la Construcci\u00f3n del Alumbrado P\u00fablico sobre la v\u00eda de entrada a la parroquia El Guismi, obra que beneficiar\u00e1 a centenares de familias de esta localidad. Para Mar\u00eda Zhizhp\u00f3n, moradora de El Guismi, este es un sue\u00f1o anhelado por todos los pobladores de esta parroquia, \u201cla obra marca una p\u00e1gina de m\u00e1s en el libro del desarrollo para el Guismi\u201d enfatiz\u00f3, asimismo agradeci\u00f3 a las autoridades cantonales. Para el concejal rural Rolando Segovia, esta obra es fundamental ya que permite dar seguridad vial y peatonal para evitar accidentes y temas de delincuencia \u201cse\u00f1or alcalde no desmayemos, en el tiempo que nos queda vamos con m\u00e1s fuerza a continuar con m\u00e1s obras que nuestro pueblo lo necesita, todo esto a pesar de las dificultades econ\u00f3micas\u201d indic\u00f3. La primera autoridad cantonal, Carlos Pun\u00edn con visible entusiasmo enfatiz\u00f3 que esto es gracias al trabajo colaborativo entre todo el cabildo donde persiguen el \u00fanico objetivo de servir a la ciudadan\u00eda, este proyecto abarcar\u00e1 desde la Y\u00e9 de El Guismi hasta el ingreso a la ciudad, explic\u00f3. El proyecto de electrificaci\u00f3n bordea los USD 91.000 exterioriz\u00f3 el burgomaestre, asimismo, puntualiz\u00f3 que esto generar\u00e1 oportunidades laborales para los habitantes. Finalmente, Manuel Quituisaca, presidente del Gobierno Parroquial dej\u00f3 sentado su agradecimiento a las autoridades del ayuntamiento por cumplir con este ofrecimiento, tambi\u00e9n hizo \u00e9nfasis en los proyectos que la municipalidad ha edificado en la parroquia.<\/p>\n","protected":false},"author":1,"featured_media":5089,"comment_status":"open","ping_status":"open","sticky":false,"template":"","format":"standard","meta":{"footnotes":""},"categories":[243],"tags":[],"class_list":["post-5088","post","type-post","status-publish","format-standard","has-post-thumbnail","hentry","category-noticias-zamora"],"_links":{"self":[{"href":"https:\/\/www.elamazonico.com\/portal\/wp-json\/wp\/v2\/posts\/5088","targetHints":{"allow":["GET"]}}],"collection":[{"href":"https:\/\/www.elamazonico.com\/portal\/wp-json\/wp\/v2\/posts"}],"about":[{"href":"https:\/\/www.elamazonico.com\/portal\/wp-json\/wp\/v2\/types\/post"}],"author":[{"embeddable":true,"href":"https:\/\/www.elamazonico.com\/portal\/wp-json\/wp\/v2\/users\/1"}],"replies":[{"embeddable":true,"href":"https:\/\/www.elamazonico.com\/portal\/wp-json\/wp\/v2\/comments?post=5088"}],"version-history":[{"count":1,"href":"https:\/\/www.elamazonico.com\/portal\/wp-json\/wp\/v2\/posts\/5088\/revisions"}],"predecessor-version":[{"id":5090,"href":"https:\/\/www.elamazonico.com\/portal\/wp-json\/wp\/v2\/posts\/5088\/revisions\/5090"}],"wp:featuredmedia":[{"embeddable":true,"href":"https:\/\/www.elamazonico.com\/portal\/wp-json\/wp\/v2\/media\/5089"}],"wp:attachment":[{"href":"https:\/\/www.elamazonico.com\/portal\/wp-json\/wp\/v2\/media?parent=5088"}],"wp:term":[{"taxonomy":"category","embeddable":true,"href":"https:\/\/www.elamazonico.com\/portal\/wp-json\/wp\/v2\/categories?post=5088"},{"taxonomy":"post_tag","embeddable":true,"href":"https:\/\/www.elamazonico.com\/portal\/wp-json\/wp\/v2\/tags?post=5088"}],"curies":[{"name":"wp","href":"https:\/\/api.w.org\/{rel}","templated":true}]}}