{"id":5083,"date":"2022-07-27T06:29:27","date_gmt":"2022-07-27T11:29:27","guid":{"rendered":"https:\/\/www.elamazonico.com\/portal\/?p=5083"},"modified":"2022-07-27T06:30:53","modified_gmt":"2022-07-27T11:30:53","slug":"coe-nacional-dispone-instituciones-publicas-podran-acogerse-a-modalidad-de-teletrabajo-segun-sus-necesidades","status":"publish","type":"post","link":"https:\/\/www.elamazonico.com\/portal\/coe-nacional-dispone-instituciones-publicas-podran-acogerse-a-modalidad-de-teletrabajo-segun-sus-necesidades\/","title":{"rendered":"COE Nacional dispone: instituciones p\u00fablicas podr\u00e1n acogerse a modalidad de teletrabajo, seg\u00fan sus necesidades"},"content":{"rendered":"\n<p>Jos\u00e9 Ruales, ministro de Salud, detall\u00f3 en su informe epidemiol\u00f3gico que&nbsp;en la \u00faltima semana pasaron de 12.617 a 16803 casos positivos de covid-19, cerca de 4.200 de aumento, que \u00aba\u00fan as\u00ed es menor en relaci\u00f3n con las semanas anteriores\u00bb. Esto, en base en resultados de pruebas PCR.<\/p>\n\n\n\n<p>El Ministro tambi\u00e9n indic\u00f3 que se construy\u00f3 la Sala Nacional de covid-19. Esta se encuentra disponible en la p\u00e1gina web del ministerio, para descargarse la informaci\u00f3n completa por provincia o cant\u00f3n sobre el avance de la situaci\u00f3n epidemiol\u00f3gica en el pa\u00eds.&nbsp;<\/p>\n\n\n\n<p>En Pichincha se observa \u00abuna nueva oleada\u00bb, de 4.200 a 5.300 casos. Es decir, es una de las provincias en donde se registran mayores casos positivos. Mientras que en la Costa solo se evidenci\u00f3 aumento en El Oro y Manab\u00ed.&nbsp;<\/p>\n\n\n\n<p>Ante ello y como forma de prevenci\u00f3n, Alfredo Borrero, vicepresidente de la Rep\u00fablica, indic\u00f3 que \u00ablas instituciones p\u00fablicas podr\u00e1n acogerse a la modalidad de teletrabajo seg\u00fan sus necesidades y se trabajar\u00e1 en la vacunaci\u00f3n masiva junto al sector privado, para inocular a m\u00e1s de 10 millones de ecuatorianos con el primero y segundo refuerzo hasta fines de septiembre\u00bb.<\/p>\n\n\n\n<p>As\u00ed mismo, se\u00a0resolvi\u00f3 mantener el uso de la mascarilla en lugares cerrados y donde no se garantice el distanciamiento, con el objetivo de frenar el contagio. De igual manera, tambi\u00e9n se pidi\u00f3 que quienes est\u00e9n contagiados o tengan s\u00edntomas, aislarse durante cinco d\u00edas.\u00a0Fuente: El Tel\u00e9grafo<\/p>\n\n\n\n<figure class=\"wp-block-embed is-type-rich is-provider-twitter wp-block-embed-twitter\"><div class=\"wp-block-embed__wrapper\">\n<blockquote class=\"twitter-tweet\" data-width=\"550\" data-dnt=\"true\"><p lang=\"es\" dir=\"ltr\">Junto al ministro de <a href=\"https:\/\/twitter.com\/Salud_Ec?ref_src=twsrc%5Etfw\">@Salud_Ec<\/a>, <a href=\"https:\/\/twitter.com\/PepeRuales?ref_src=twsrc%5Etfw\">@PepeRuales<\/a> y el director del <a href=\"https:\/\/twitter.com\/ECU911_?ref_src=twsrc%5Etfw\">@ECU911_<\/a> , <a href=\"https:\/\/twitter.com\/CapiZapataEC?ref_src=twsrc%5Etfw\">@CapiZapataEC<\/a>, en la sesi\u00f3n del COE Nacional se resolvi\u00f3 mantener el uso de la mascarilla en lugares cerrados y donde no se garantice el distanciamiento, con el objetivo de frenar el contagio de <a href=\"https:\/\/twitter.com\/hashtag\/Covid19?src=hash&amp;ref_src=twsrc%5Etfw\">#Covid19<\/a>. <a href=\"https:\/\/t.co\/egR3RGTP98\">pic.twitter.com\/egR3RGTP98<\/a><\/p>&mdash; Alfredo Borrero (@ABorreroVega) <a href=\"https:\/\/twitter.com\/ABorreroVega\/status\/1552055637416329218?ref_src=twsrc%5Etfw\">July 26, 2022<\/a><\/blockquote><script async src=\"https:\/\/platform.twitter.com\/widgets.js\" charset=\"utf-8\"><\/script>\n<\/div><\/figure>\n","protected":false},"excerpt":{"rendered":"<p>Jos\u00e9 Ruales, ministro de Salud, detall\u00f3 en su informe epidemiol\u00f3gico que&nbsp;en la \u00faltima semana pasaron de 12.617 a 16803 casos positivos de covid-19, cerca de 4.200 de aumento, que \u00aba\u00fan as\u00ed es menor en relaci\u00f3n con las semanas anteriores\u00bb. Esto, en base en resultados de pruebas PCR. El Ministro tambi\u00e9n indic\u00f3 que se construy\u00f3 la Sala Nacional de covid-19. Esta se encuentra disponible en la p\u00e1gina web del ministerio, para descargarse la informaci\u00f3n completa por provincia o cant\u00f3n sobre el avance de la situaci\u00f3n epidemiol\u00f3gica en el pa\u00eds.&nbsp; En Pichincha se observa \u00abuna nueva oleada\u00bb, de 4.200 a 5.300 casos. Es decir, es una de las provincias en donde se registran mayores casos positivos. Mientras que en la Costa solo se evidenci\u00f3 aumento en El Oro y Manab\u00ed.&nbsp; Ante ello y como forma de prevenci\u00f3n, Alfredo Borrero, vicepresidente de la Rep\u00fablica, indic\u00f3 que \u00ablas instituciones p\u00fablicas podr\u00e1n acogerse a la modalidad de teletrabajo seg\u00fan sus necesidades y se trabajar\u00e1 en la vacunaci\u00f3n masiva junto al sector privado, para inocular a m\u00e1s de 10 millones de ecuatorianos con el primero y segundo refuerzo hasta fines de septiembre\u00bb. As\u00ed mismo, se\u00a0resolvi\u00f3 mantener el uso de la mascarilla en lugares cerrados y donde no se garantice el distanciamiento, con el objetivo de frenar el contagio. De igual manera, tambi\u00e9n se pidi\u00f3 que quienes est\u00e9n contagiados o tengan s\u00edntomas, aislarse durante cinco d\u00edas.\u00a0Fuente: El Tel\u00e9grafo<\/p>\n","protected":false},"author":1,"featured_media":5084,"comment_status":"open","ping_status":"open","sticky":false,"template":"","format":"standard","meta":{"footnotes":""},"categories":[268],"tags":[],"class_list":["post-5083","post","type-post","status-publish","format-standard","has-post-thumbnail","hentry","category-nacionales"],"_links":{"self":[{"href":"https:\/\/www.elamazonico.com\/portal\/wp-json\/wp\/v2\/posts\/5083","targetHints":{"allow":["GET"]}}],"collection":[{"href":"https:\/\/www.elamazonico.com\/portal\/wp-json\/wp\/v2\/posts"}],"about":[{"href":"https:\/\/www.elamazonico.com\/portal\/wp-json\/wp\/v2\/types\/post"}],"author":[{"embeddable":true,"href":"https:\/\/www.elamazonico.com\/portal\/wp-json\/wp\/v2\/users\/1"}],"replies":[{"embeddable":true,"href":"https:\/\/www.elamazonico.com\/portal\/wp-json\/wp\/v2\/comments?post=5083"}],"version-history":[{"count":2,"href":"https:\/\/www.elamazonico.com\/portal\/wp-json\/wp\/v2\/posts\/5083\/revisions"}],"predecessor-version":[{"id":5086,"href":"https:\/\/www.elamazonico.com\/portal\/wp-json\/wp\/v2\/posts\/5083\/revisions\/5086"}],"wp:featuredmedia":[{"embeddable":true,"href":"https:\/\/www.elamazonico.com\/portal\/wp-json\/wp\/v2\/media\/5084"}],"wp:attachment":[{"href":"https:\/\/www.elamazonico.com\/portal\/wp-json\/wp\/v2\/media?parent=5083"}],"wp:term":[{"taxonomy":"category","embeddable":true,"href":"https:\/\/www.elamazonico.com\/portal\/wp-json\/wp\/v2\/categories?post=5083"},{"taxonomy":"post_tag","embeddable":true,"href":"https:\/\/www.elamazonico.com\/portal\/wp-json\/wp\/v2\/tags?post=5083"}],"curies":[{"name":"wp","href":"https:\/\/api.w.org\/{rel}","templated":true}]}}