{"id":5023,"date":"2022-07-25T06:11:49","date_gmt":"2022-07-25T11:11:49","guid":{"rendered":"https:\/\/www.elamazonico.com\/portal\/?p=5023"},"modified":"2022-07-25T06:11:54","modified_gmt":"2022-07-25T11:11:54","slug":"silencio-total-ante-la-crisis-del-periodismo-lojano","status":"publish","type":"post","link":"https:\/\/www.elamazonico.com\/portal\/silencio-total-ante-la-crisis-del-periodismo-lojano\/","title":{"rendered":"Silencio total ante la crisis del periodismo lojano"},"content":{"rendered":"\n<p>\u201cLoja es una provincia fronteriza que genera mucha informaci\u00f3n pero que no cuenta con espacios period\u00edsticos saludables que la incluyan en la agenda nacional. Los bajos sueldos, las presiones pol\u00edticas y comerciales y el aislamiento del resto del pa\u00eds someten a esta provincia al silencio\u201d.&nbsp; Esta es la conclusi\u00f3n a la que lleg\u00f3 la fundaci\u00f3n \u2018Periodistas Sin Cadenas\u2019, luego de un estudio realizado en marzo del presente a\u00f1o.<\/p>\n\n\n\n<p>Loja es conocida como la cuna de la cultura en el Ecuador. Por eso es inaudito que, tras las graves revelaciones presentadas en el proyecto de \u2018Periodistas Sin Cadenas\u2019, nadie haya dicho nada. \u201cNoticias para complacer a las autoridades del gobierno de turno, publicidad que silencia y que somete a los medios de prensa, necesidades insatisfechas y violaci\u00f3n de derechos\u201d, son algunas de las verdades que devela el informe citado.<\/p>\n\n\n\n<p>\u2018Periodistas Sin Cadenas\u2019 es una organizaci\u00f3n de comunicadores y fot\u00f3grafos que se dedican a la investigaci\u00f3n y que naci\u00f3 cuando el Frente Oliver Sinisterra entreg\u00f3 las pruebas de la ejecuci\u00f3n de Javier Ortega, Pa\u00fal Rivas y Efra\u00edn Segarra, periodistas de diario El Comercio.<\/p>\n\n\n\n<p>La gran mayor\u00eda de los periodistas lojanos es explotada laboralmente. En el mismo informe se indica que un importante porcentaje de comunicadores cobra menos de 400 d\u00f3lares por su trabajo y en la mayor\u00eda de los casos la consabida coproducci\u00f3n es el instrumento para someter a la mediocridad la informaci\u00f3n que recibe la comunidad.<\/p>\n\n\n\n<p>En Loja, los famosos protocolos de protecci\u00f3n a los periodistas no existen. Aunque por experiencia propia confieso que en ning\u00fan lugar del Ecuador se presentan. El Gobierno, muchas de las veces, defiende o protege a los propietarios de los grandes medios de comunicaci\u00f3n que, por lo general, son sus aliados. La prestigiosa academia lojana tiene muy bien ganado su nombre, su aporte en el campo cient\u00edfico es significativo, pero, sobre la precariedad del periodismo lojano, no se ha pronunciado, y no solo ella, sino que nadie ha dicho nada.<\/p>\n\n\n\n<p>Lo m\u00e1s grave de todo esto es que al final estos problemas terminan originando confusi\u00f3n en la ciudadan\u00eda y, por tanto, una opini\u00f3n p\u00fablica incompetente y muy f\u00e1cil de enga\u00f1ar. Por eso es que en Loja y sus cantones existen pol\u00edticos que se han sostenido por d\u00e9cadas en el poder, mientras los pueblos son condenados al olvido.<\/p>\n\n\n\n<p>Respeto a todas las personas que se dedican a las actividades informativas sin haber recibido una formaci\u00f3n acad\u00e9mica, pero considero que una de las causas de la precarizaci\u00f3n laboral es el empirismo. Frente a ello, las organizaciones de periodistas casi nada hacen por ayudar a mejorar la situaci\u00f3n. Entonces, viene la consecuencia: personas en medios de comunicaci\u00f3n trabajando en \u2018coproducci\u00f3n\u2019 (pagando para trabajar), y las instituciones p\u00fablicas llenas de comunicadores sin estudios especializados.<\/p>\n\n\n\n<p>Es necesario replantear la organizaci\u00f3n gremial de los profesionales de la comunicaci\u00f3n, pero lo realmente indispensable en este momento es la intervenci\u00f3n agresiva de la academia, que debe tratar este tema, presentar soluciones y ayudar a mejorar la vida de la gente y particularmente de los periodistas.<\/p>\n\n\n\n<p>Por: Eduardo Loaiza Lima<\/p>\n","protected":false},"excerpt":{"rendered":"<p>\u201cLoja es una provincia fronteriza que genera mucha informaci\u00f3n pero que no cuenta con espacios period\u00edsticos saludables que la incluyan en la agenda nacional. Los bajos sueldos, las presiones pol\u00edticas y comerciales y el aislamiento del resto del pa\u00eds someten a esta provincia al silencio\u201d.&nbsp; Esta es la conclusi\u00f3n a la que lleg\u00f3 la fundaci\u00f3n \u2018Periodistas Sin Cadenas\u2019, luego de un estudio realizado en marzo del presente a\u00f1o. Loja es conocida como la cuna de la cultura en el Ecuador. Por eso es inaudito que, tras las graves revelaciones presentadas en el proyecto de \u2018Periodistas Sin Cadenas\u2019, nadie haya dicho nada. \u201cNoticias para complacer a las autoridades del gobierno de turno, publicidad que silencia y que somete a los medios de prensa, necesidades insatisfechas y violaci\u00f3n de derechos\u201d, son algunas de las verdades que devela el informe citado. \u2018Periodistas Sin Cadenas\u2019 es una organizaci\u00f3n de comunicadores y fot\u00f3grafos que se dedican a la investigaci\u00f3n y que naci\u00f3 cuando el Frente Oliver Sinisterra entreg\u00f3 las pruebas de la ejecuci\u00f3n de Javier Ortega, Pa\u00fal Rivas y Efra\u00edn Segarra, periodistas de diario El Comercio. La gran mayor\u00eda de los periodistas lojanos es explotada laboralmente. En el mismo informe se indica que un importante porcentaje de comunicadores cobra menos de 400 d\u00f3lares por su trabajo y en la mayor\u00eda de los casos la consabida coproducci\u00f3n es el instrumento para someter a la mediocridad la informaci\u00f3n que recibe la comunidad. En Loja, los famosos protocolos de protecci\u00f3n a los periodistas no existen. Aunque por experiencia propia confieso que en ning\u00fan lugar del Ecuador se presentan. El Gobierno, muchas de las veces, defiende o protege a los propietarios de los grandes medios de comunicaci\u00f3n que, por lo general, son sus aliados. La prestigiosa academia lojana tiene muy bien ganado su nombre, su aporte en el campo cient\u00edfico es significativo, pero, sobre la precariedad del periodismo lojano, no se ha pronunciado, y no solo ella, sino que nadie ha dicho nada. Lo m\u00e1s grave de todo esto es que al final estos problemas terminan originando confusi\u00f3n en la ciudadan\u00eda y, por tanto, una opini\u00f3n p\u00fablica incompetente y muy f\u00e1cil de enga\u00f1ar. Por eso es que en Loja y sus cantones existen pol\u00edticos que se han sostenido por d\u00e9cadas en el poder, mientras los pueblos son condenados al olvido. Respeto a todas las personas que se dedican a las actividades informativas sin haber recibido una formaci\u00f3n acad\u00e9mica, pero considero que una de las causas de la precarizaci\u00f3n laboral es el empirismo. Frente a ello, las organizaciones de periodistas casi nada hacen por ayudar a mejorar la situaci\u00f3n. Entonces, viene la consecuencia: personas en medios de comunicaci\u00f3n trabajando en \u2018coproducci\u00f3n\u2019 (pagando para trabajar), y las instituciones p\u00fablicas llenas de comunicadores sin estudios especializados. Es necesario replantear la organizaci\u00f3n gremial de los profesionales de la comunicaci\u00f3n, pero lo realmente indispensable en este momento es la intervenci\u00f3n agresiva de la academia, que debe tratar este tema, presentar soluciones y ayudar a mejorar la vida de la gente y particularmente de los periodistas. Por: Eduardo Loaiza Lima<\/p>\n","protected":false},"author":1,"featured_media":5024,"comment_status":"open","ping_status":"open","sticky":false,"template":"","format":"standard","meta":{"footnotes":""},"categories":[268],"tags":[],"class_list":["post-5023","post","type-post","status-publish","format-standard","has-post-thumbnail","hentry","category-nacionales"],"_links":{"self":[{"href":"https:\/\/www.elamazonico.com\/portal\/wp-json\/wp\/v2\/posts\/5023","targetHints":{"allow":["GET"]}}],"collection":[{"href":"https:\/\/www.elamazonico.com\/portal\/wp-json\/wp\/v2\/posts"}],"about":[{"href":"https:\/\/www.elamazonico.com\/portal\/wp-json\/wp\/v2\/types\/post"}],"author":[{"embeddable":true,"href":"https:\/\/www.elamazonico.com\/portal\/wp-json\/wp\/v2\/users\/1"}],"replies":[{"embeddable":true,"href":"https:\/\/www.elamazonico.com\/portal\/wp-json\/wp\/v2\/comments?post=5023"}],"version-history":[{"count":1,"href":"https:\/\/www.elamazonico.com\/portal\/wp-json\/wp\/v2\/posts\/5023\/revisions"}],"predecessor-version":[{"id":5025,"href":"https:\/\/www.elamazonico.com\/portal\/wp-json\/wp\/v2\/posts\/5023\/revisions\/5025"}],"wp:featuredmedia":[{"embeddable":true,"href":"https:\/\/www.elamazonico.com\/portal\/wp-json\/wp\/v2\/media\/5024"}],"wp:attachment":[{"href":"https:\/\/www.elamazonico.com\/portal\/wp-json\/wp\/v2\/media?parent=5023"}],"wp:term":[{"taxonomy":"category","embeddable":true,"href":"https:\/\/www.elamazonico.com\/portal\/wp-json\/wp\/v2\/categories?post=5023"},{"taxonomy":"post_tag","embeddable":true,"href":"https:\/\/www.elamazonico.com\/portal\/wp-json\/wp\/v2\/tags?post=5023"}],"curies":[{"name":"wp","href":"https:\/\/api.w.org\/{rel}","templated":true}]}}