{"id":5020,"date":"2022-07-25T06:07:50","date_gmt":"2022-07-25T11:07:50","guid":{"rendered":"https:\/\/www.elamazonico.com\/portal\/?p=5020"},"modified":"2022-07-25T06:19:29","modified_gmt":"2022-07-25T11:19:29","slug":"cna-ley-de-comunicacion-es-una-bofetada-a-la-libertad-de-prensa","status":"publish","type":"post","link":"https:\/\/www.elamazonico.com\/portal\/cna-ley-de-comunicacion-es-una-bofetada-a-la-libertad-de-prensa\/","title":{"rendered":"CNA: &#8216;Ley de Comunicaci\u00f3n es una bofetada a la libertad de prensa&#8217;\u00a0"},"content":{"rendered":"\n<p>La Comisi\u00f3n Nacional Anticorrupci\u00f3n (CNA) aegur\u00f3 que \u201cla Ley de la Comunicaci\u00f3n 2022 aprobada por la Asamblea Nacional es una bofetada a la libertad de prensa\u201d.<\/p>\n\n\n\n<p>En un comunicado, insisten que, la ley evidencia en su cuerpo entero el \u201caf\u00e1n persecutorio a la opini\u00f3n libre y tiene por objetivo, entre otras cosas, impedir que se informe y divulgue sobre los casos de corrupci\u00f3n que han afectado al pa\u00eds\u201d.<\/p>\n\n\n\n<p>Con 75 votos afirmativos, 21 negativos y 30 abstenciones el Pleno de la Asamblea Nacional aprob\u00f3 en segundo debate el proyecto de reformas a la Ley Org\u00e1nica de Comunicaci\u00f3n. El objeto de esta ley comprender\u00e1 la desconcentraci\u00f3n de frecuencias, protecci\u00f3n del derecho a ejercer la libertad de expresi\u00f3n y a buscar, recibir y difundir informaci\u00f3n e ideas de toda \u00edndole a trav\u00e9s de los medios de comunicaci\u00f3n.<\/p>\n\n\n\n<p>Previamente el Pleno del Legislativo neg\u00f3 con 73 votos el informe de mayor\u00eda, por lo que de conformidad con el inciso 11 del art\u00edculo 61 de la Ley Org\u00e1nica de la Funci\u00f3n Legislativa se pas\u00f3 a considerar el informe de minor\u00eda, suscrito por los asamble\u00edstas Raisa Corral, M\u00f3nica Palacios, Salvador Maita y Fernando Cede\u00f1o. (I)<\/p>\n\n\n\n<p>Ecuadorinmediato<\/p>\n","protected":false},"excerpt":{"rendered":"<p>La Comisi\u00f3n Nacional Anticorrupci\u00f3n (CNA) aegur\u00f3 que \u201cla Ley de la Comunicaci\u00f3n 2022 aprobada por la Asamblea Nacional es una bofetada a la libertad de prensa\u201d. En un comunicado, insisten que, la ley evidencia en su cuerpo entero el \u201caf\u00e1n persecutorio a la opini\u00f3n libre y tiene por objetivo, entre otras cosas, impedir que se informe y divulgue sobre los casos de corrupci\u00f3n que han afectado al pa\u00eds\u201d. Con 75 votos afirmativos, 21 negativos y 30 abstenciones el Pleno de la Asamblea Nacional aprob\u00f3 en segundo debate el proyecto de reformas a la Ley Org\u00e1nica de Comunicaci\u00f3n. El objeto de esta ley comprender\u00e1 la desconcentraci\u00f3n de frecuencias, protecci\u00f3n del derecho a ejercer la libertad de expresi\u00f3n y a buscar, recibir y difundir informaci\u00f3n e ideas de toda \u00edndole a trav\u00e9s de los medios de comunicaci\u00f3n. Previamente el Pleno del Legislativo neg\u00f3 con 73 votos el informe de mayor\u00eda, por lo que de conformidad con el inciso 11 del art\u00edculo 61 de la Ley Org\u00e1nica de la Funci\u00f3n Legislativa se pas\u00f3 a considerar el informe de minor\u00eda, suscrito por los asamble\u00edstas Raisa Corral, M\u00f3nica Palacios, Salvador Maita y Fernando Cede\u00f1o. (I) Ecuadorinmediato<\/p>\n","protected":false},"author":1,"featured_media":5033,"comment_status":"open","ping_status":"open","sticky":false,"template":"","format":"standard","meta":{"footnotes":""},"categories":[268],"tags":[],"class_list":["post-5020","post","type-post","status-publish","format-standard","has-post-thumbnail","hentry","category-nacionales"],"_links":{"self":[{"href":"https:\/\/www.elamazonico.com\/portal\/wp-json\/wp\/v2\/posts\/5020","targetHints":{"allow":["GET"]}}],"collection":[{"href":"https:\/\/www.elamazonico.com\/portal\/wp-json\/wp\/v2\/posts"}],"about":[{"href":"https:\/\/www.elamazonico.com\/portal\/wp-json\/wp\/v2\/types\/post"}],"author":[{"embeddable":true,"href":"https:\/\/www.elamazonico.com\/portal\/wp-json\/wp\/v2\/users\/1"}],"replies":[{"embeddable":true,"href":"https:\/\/www.elamazonico.com\/portal\/wp-json\/wp\/v2\/comments?post=5020"}],"version-history":[{"count":1,"href":"https:\/\/www.elamazonico.com\/portal\/wp-json\/wp\/v2\/posts\/5020\/revisions"}],"predecessor-version":[{"id":5022,"href":"https:\/\/www.elamazonico.com\/portal\/wp-json\/wp\/v2\/posts\/5020\/revisions\/5022"}],"wp:featuredmedia":[{"embeddable":true,"href":"https:\/\/www.elamazonico.com\/portal\/wp-json\/wp\/v2\/media\/5033"}],"wp:attachment":[{"href":"https:\/\/www.elamazonico.com\/portal\/wp-json\/wp\/v2\/media?parent=5020"}],"wp:term":[{"taxonomy":"category","embeddable":true,"href":"https:\/\/www.elamazonico.com\/portal\/wp-json\/wp\/v2\/categories?post=5020"},{"taxonomy":"post_tag","embeddable":true,"href":"https:\/\/www.elamazonico.com\/portal\/wp-json\/wp\/v2\/tags?post=5020"}],"curies":[{"name":"wp","href":"https:\/\/api.w.org\/{rel}","templated":true}]}}