{"id":5017,"date":"2022-07-25T06:03:10","date_gmt":"2022-07-25T11:03:10","guid":{"rendered":"https:\/\/www.elamazonico.com\/portal\/?p=5017"},"modified":"2022-07-25T06:03:17","modified_gmt":"2022-07-25T11:03:17","slug":"autoridades-de-ecuador-y-peru-rescatan-a-48-mujeres-de-una-red-de-trata-de-personas%ef%bf%bc","status":"publish","type":"post","link":"https:\/\/www.elamazonico.com\/portal\/autoridades-de-ecuador-y-peru-rescatan-a-48-mujeres-de-una-red-de-trata-de-personas%ef%bf%bc\/","title":{"rendered":"Autoridades de Ecuador y Per\u00fa rescatan a 48 mujeres de una red de trata de personas\ufffc"},"content":{"rendered":"\n<p>A trav\u00e9s de sus cuentas oficiales, el Ministerio del Interior inform\u00f3 del rescate de a 48 mujeres, en el marco de un operativo contra la trata de personas. En una publicaci\u00f3n de este domingo, 24 de julio de 2022, la cartera de estado inform\u00f3 que la Polic\u00eda ecuatoriana y la de Per\u00fa detuvieron a 13 personas para investigaciones.<\/p>\n\n\n\n<p>Seg\u00fan informaci\u00f3n oficial, se ejecutaron 18 allanamientos a inmuebles en donde se encontr\u00f3 a las v\u00edctimas en \u201ccondiciones de cautiverio con fines sexuales\u201d. En la publicaci\u00f3n se colocaron fotograf\u00edas de los detenidos, pero no se ha proporcionado mayor informaci\u00f3n sobre este caso.<\/p>\n\n\n\n<p>Se presume que las mujeres fueron v\u00edctimas de una red que operaba en Ecuador y Per\u00fa. (I)<\/p>\n\n\n\n<p>El Tel\u00e9grafo<\/p>\n","protected":false},"excerpt":{"rendered":"<p>A trav\u00e9s de sus cuentas oficiales, el Ministerio del Interior inform\u00f3 del rescate de a 48 mujeres, en el marco de un operativo contra la trata de personas. En una publicaci\u00f3n de este domingo, 24 de julio de 2022, la cartera de estado inform\u00f3 que la Polic\u00eda ecuatoriana y la de Per\u00fa detuvieron a 13 personas para investigaciones. Seg\u00fan informaci\u00f3n oficial, se ejecutaron 18 allanamientos a inmuebles en donde se encontr\u00f3 a las v\u00edctimas en \u201ccondiciones de cautiverio con fines sexuales\u201d. En la publicaci\u00f3n se colocaron fotograf\u00edas de los detenidos, pero no se ha proporcionado mayor informaci\u00f3n sobre este caso. Se presume que las mujeres fueron v\u00edctimas de una red que operaba en Ecuador y Per\u00fa. (I) El Tel\u00e9grafo<\/p>\n","protected":false},"author":1,"featured_media":5018,"comment_status":"open","ping_status":"open","sticky":false,"template":"","format":"standard","meta":{"footnotes":""},"categories":[268],"tags":[],"class_list":["post-5017","post","type-post","status-publish","format-standard","has-post-thumbnail","hentry","category-nacionales"],"_links":{"self":[{"href":"https:\/\/www.elamazonico.com\/portal\/wp-json\/wp\/v2\/posts\/5017","targetHints":{"allow":["GET"]}}],"collection":[{"href":"https:\/\/www.elamazonico.com\/portal\/wp-json\/wp\/v2\/posts"}],"about":[{"href":"https:\/\/www.elamazonico.com\/portal\/wp-json\/wp\/v2\/types\/post"}],"author":[{"embeddable":true,"href":"https:\/\/www.elamazonico.com\/portal\/wp-json\/wp\/v2\/users\/1"}],"replies":[{"embeddable":true,"href":"https:\/\/www.elamazonico.com\/portal\/wp-json\/wp\/v2\/comments?post=5017"}],"version-history":[{"count":1,"href":"https:\/\/www.elamazonico.com\/portal\/wp-json\/wp\/v2\/posts\/5017\/revisions"}],"predecessor-version":[{"id":5019,"href":"https:\/\/www.elamazonico.com\/portal\/wp-json\/wp\/v2\/posts\/5017\/revisions\/5019"}],"wp:featuredmedia":[{"embeddable":true,"href":"https:\/\/www.elamazonico.com\/portal\/wp-json\/wp\/v2\/media\/5018"}],"wp:attachment":[{"href":"https:\/\/www.elamazonico.com\/portal\/wp-json\/wp\/v2\/media?parent=5017"}],"wp:term":[{"taxonomy":"category","embeddable":true,"href":"https:\/\/www.elamazonico.com\/portal\/wp-json\/wp\/v2\/categories?post=5017"},{"taxonomy":"post_tag","embeddable":true,"href":"https:\/\/www.elamazonico.com\/portal\/wp-json\/wp\/v2\/tags?post=5017"}],"curies":[{"name":"wp","href":"https:\/\/api.w.org\/{rel}","templated":true}]}}