{"id":5015,"date":"2022-07-25T05:53:32","date_gmt":"2022-07-25T10:53:32","guid":{"rendered":"https:\/\/www.elamazonico.com\/portal\/?p=5015"},"modified":"2022-07-25T05:53:44","modified_gmt":"2022-07-25T10:53:44","slug":"lasso-entre-los-presidentes-con-mas-baja-calificacion-segun-cid","status":"publish","type":"post","link":"https:\/\/www.elamazonico.com\/portal\/lasso-entre-los-presidentes-con-mas-baja-calificacion-segun-cid\/","title":{"rendered":"Lasso entre los presidentes con m\u00e1s baja calificaci\u00f3n, seg\u00fan CID"},"content":{"rendered":"\n<p>La Consultor\u00eda Interdisciplinaria en Desarrollo S.A. (CID) public\u00f3 los datos de desempe\u00f1o de los presidentes latinoamericanos, correspondientes a su \u00faltimo estudio de Opini\u00f3n P\u00fablica realizado en mayo de 2022.<\/p>\n\n\n\n<p>Estas cifras muestran as\u00ed que el presidente Guillermo Lasso obtuvo el 26%, siendo el octavo con la calificaci\u00f3n m\u00e1s baja, de los 12 mandatarios calificados. Mientras que en primer lugar se ubic\u00f3 Nayib Bukele, de El Salvador, con el 86%.<\/p>\n\n\n\n<p>La encuestadora, que es l\u00edder en investigaci\u00f3n de mercados y fue fundada en 1977 en la Rep\u00fablica de Costa Rica, se\u00f1al\u00f3 que para realizar este an\u00e1lisis, recogi\u00f3 la opini\u00f3n de 1.200 ciudadanos de cada pa\u00eds, v\u00eda telef\u00f3nica, del 10 al 19 de mayo de 2022. (I)<\/p>\n\n\n\n<p>Ecuadorinmediato<\/p>\n\n\n\n<p><\/p>\n","protected":false},"excerpt":{"rendered":"<p>La Consultor\u00eda Interdisciplinaria en Desarrollo S.A. (CID) public\u00f3 los datos de desempe\u00f1o de los presidentes latinoamericanos, correspondientes a su \u00faltimo estudio de Opini\u00f3n P\u00fablica realizado en mayo de 2022. Estas cifras muestran as\u00ed que el presidente Guillermo Lasso obtuvo el 26%, siendo el octavo con la calificaci\u00f3n m\u00e1s baja, de los 12 mandatarios calificados. Mientras que en primer lugar se ubic\u00f3 Nayib Bukele, de El Salvador, con el 86%. La encuestadora, que es l\u00edder en investigaci\u00f3n de mercados y fue fundada en 1977 en la Rep\u00fablica de Costa Rica, se\u00f1al\u00f3 que para realizar este an\u00e1lisis, recogi\u00f3 la opini\u00f3n de 1.200 ciudadanos de cada pa\u00eds, v\u00eda telef\u00f3nica, del 10 al 19 de mayo de 2022. (I) Ecuadorinmediato<\/p>\n","protected":false},"author":1,"featured_media":5013,"comment_status":"open","ping_status":"open","sticky":false,"template":"","format":"standard","meta":{"footnotes":""},"categories":[1],"tags":[],"class_list":["post-5015","post","type-post","status-publish","format-standard","has-post-thumbnail","hentry","category-uncategorized"],"_links":{"self":[{"href":"https:\/\/www.elamazonico.com\/portal\/wp-json\/wp\/v2\/posts\/5015","targetHints":{"allow":["GET"]}}],"collection":[{"href":"https:\/\/www.elamazonico.com\/portal\/wp-json\/wp\/v2\/posts"}],"about":[{"href":"https:\/\/www.elamazonico.com\/portal\/wp-json\/wp\/v2\/types\/post"}],"author":[{"embeddable":true,"href":"https:\/\/www.elamazonico.com\/portal\/wp-json\/wp\/v2\/users\/1"}],"replies":[{"embeddable":true,"href":"https:\/\/www.elamazonico.com\/portal\/wp-json\/wp\/v2\/comments?post=5015"}],"version-history":[{"count":1,"href":"https:\/\/www.elamazonico.com\/portal\/wp-json\/wp\/v2\/posts\/5015\/revisions"}],"predecessor-version":[{"id":5016,"href":"https:\/\/www.elamazonico.com\/portal\/wp-json\/wp\/v2\/posts\/5015\/revisions\/5016"}],"wp:featuredmedia":[{"embeddable":true,"href":"https:\/\/www.elamazonico.com\/portal\/wp-json\/wp\/v2\/media\/5013"}],"wp:attachment":[{"href":"https:\/\/www.elamazonico.com\/portal\/wp-json\/wp\/v2\/media?parent=5015"}],"wp:term":[{"taxonomy":"category","embeddable":true,"href":"https:\/\/www.elamazonico.com\/portal\/wp-json\/wp\/v2\/categories?post=5015"},{"taxonomy":"post_tag","embeddable":true,"href":"https:\/\/www.elamazonico.com\/portal\/wp-json\/wp\/v2\/tags?post=5015"}],"curies":[{"name":"wp","href":"https:\/\/api.w.org\/{rel}","templated":true}]}}