{"id":5008,"date":"2022-07-25T05:49:40","date_gmt":"2022-07-25T10:49:40","guid":{"rendered":"https:\/\/www.elamazonico.com\/portal\/?p=5008"},"modified":"2022-07-25T05:50:01","modified_gmt":"2022-07-25T10:50:01","slug":"5008-2","status":"publish","type":"post","link":"https:\/\/www.elamazonico.com\/portal\/5008-2\/","title":{"rendered":"M\u00e1s de 1.200 brigadistas universitarios ser\u00e1n parte del proyecto \u201cInfancia con Futuro\u201d"},"content":{"rendered":"\n<p>As\u00ed lo dio a conocer el presidente Guillermo Lasso a trav\u00e9s de sus cuentas oficiales, con el objetivo de combatir a la desnutrici\u00f3n cr\u00f3nica infantil se unen al proyecto&nbsp;<a href=\"https:\/\/tinyurl.com\/2884zks8\" target=\"_blank\" rel=\"noreferrer noopener\">\u201cInfancia con Futuro\u201d<\/a>&nbsp;m\u00e1s de 1.200 brigadistas universitarios.<\/p>\n\n\n\n<p>Seg\u00fan una publicaci\u00f3n realizada este domingo, 24 de julio de 2022, en la red social Twitter, los voluntarios forman parte de la Universidad T\u00e9cnica del Norte, la Escuela Superior Polit\u00e9cnica de Chimborazo y Escuela Superior Polit\u00e9cnica del Litoral.<\/p>\n\n\n\n<p>\u201cSe unieron por el futuro de la infancia\u201d destaca el Primer Mandatario en su publicaci\u00f3n y agreg\u00f3 que esta iniciativa cuenta con el apoyo internacional de UNICEF.<\/p>\n\n\n\n<p>Como primer paso, indic\u00f3 el Jefe de Estado, se inici\u00f3 con una \u201ccampa\u00f1a de educaci\u00f3n para promover en la poblaci\u00f3n h\u00e1bitos saludables, lactancia materna y el cuidado de los m\u00e1s peque\u00f1os, desde la estrategia \u2018Infancia con Futuro\u2019.<\/p>\n\n\n\n<p>Seg\u00fan las autoridades, este proyecto permitir\u00e1 generar m\u00e1s de 1.200 fuentes de empleo correspondientes a espacios ocupados por los promotores, brigadistas y supervisores, contribuyendo con la reactivaci\u00f3n econ\u00f3mica del pa\u00eds. (I)<\/p>\n\n\n\n<p>El Tel\u00e9grafo<\/p>\n","protected":false},"excerpt":{"rendered":"<p>As\u00ed lo dio a conocer el presidente Guillermo Lasso a trav\u00e9s de sus cuentas oficiales, con el objetivo de combatir a la desnutrici\u00f3n cr\u00f3nica infantil se unen al proyecto&nbsp;\u201cInfancia con Futuro\u201d&nbsp;m\u00e1s de 1.200 brigadistas universitarios. Seg\u00fan una publicaci\u00f3n realizada este domingo, 24 de julio de 2022, en la red social Twitter, los voluntarios forman parte de la Universidad T\u00e9cnica del Norte, la Escuela Superior Polit\u00e9cnica de Chimborazo y Escuela Superior Polit\u00e9cnica del Litoral. \u201cSe unieron por el futuro de la infancia\u201d destaca el Primer Mandatario en su publicaci\u00f3n y agreg\u00f3 que esta iniciativa cuenta con el apoyo internacional de UNICEF. Como primer paso, indic\u00f3 el Jefe de Estado, se inici\u00f3 con una \u201ccampa\u00f1a de educaci\u00f3n para promover en la poblaci\u00f3n h\u00e1bitos saludables, lactancia materna y el cuidado de los m\u00e1s peque\u00f1os, desde la estrategia \u2018Infancia con Futuro\u2019. Seg\u00fan las autoridades, este proyecto permitir\u00e1 generar m\u00e1s de 1.200 fuentes de empleo correspondientes a espacios ocupados por los promotores, brigadistas y supervisores, contribuyendo con la reactivaci\u00f3n econ\u00f3mica del pa\u00eds. (I) El Tel\u00e9grafo<\/p>\n","protected":false},"author":1,"featured_media":5009,"comment_status":"open","ping_status":"open","sticky":false,"template":"","format":"standard","meta":{"footnotes":""},"categories":[268],"tags":[],"class_list":["post-5008","post","type-post","status-publish","format-standard","has-post-thumbnail","hentry","category-nacionales"],"_links":{"self":[{"href":"https:\/\/www.elamazonico.com\/portal\/wp-json\/wp\/v2\/posts\/5008","targetHints":{"allow":["GET"]}}],"collection":[{"href":"https:\/\/www.elamazonico.com\/portal\/wp-json\/wp\/v2\/posts"}],"about":[{"href":"https:\/\/www.elamazonico.com\/portal\/wp-json\/wp\/v2\/types\/post"}],"author":[{"embeddable":true,"href":"https:\/\/www.elamazonico.com\/portal\/wp-json\/wp\/v2\/users\/1"}],"replies":[{"embeddable":true,"href":"https:\/\/www.elamazonico.com\/portal\/wp-json\/wp\/v2\/comments?post=5008"}],"version-history":[{"count":2,"href":"https:\/\/www.elamazonico.com\/portal\/wp-json\/wp\/v2\/posts\/5008\/revisions"}],"predecessor-version":[{"id":5011,"href":"https:\/\/www.elamazonico.com\/portal\/wp-json\/wp\/v2\/posts\/5008\/revisions\/5011"}],"wp:featuredmedia":[{"embeddable":true,"href":"https:\/\/www.elamazonico.com\/portal\/wp-json\/wp\/v2\/media\/5009"}],"wp:attachment":[{"href":"https:\/\/www.elamazonico.com\/portal\/wp-json\/wp\/v2\/media?parent=5008"}],"wp:term":[{"taxonomy":"category","embeddable":true,"href":"https:\/\/www.elamazonico.com\/portal\/wp-json\/wp\/v2\/categories?post=5008"},{"taxonomy":"post_tag","embeddable":true,"href":"https:\/\/www.elamazonico.com\/portal\/wp-json\/wp\/v2\/tags?post=5008"}],"curies":[{"name":"wp","href":"https:\/\/api.w.org\/{rel}","templated":true}]}}