{"id":5002,"date":"2022-07-24T12:13:44","date_gmt":"2022-07-24T17:13:44","guid":{"rendered":"https:\/\/www.elamazonico.com\/portal\/?p=5002"},"modified":"2022-07-24T12:15:48","modified_gmt":"2022-07-24T17:15:48","slug":"hallan-en-esmeraldas-campamento-abandonado-de-las-disidencias-de-las-farc","status":"publish","type":"post","link":"https:\/\/www.elamazonico.com\/portal\/hallan-en-esmeraldas-campamento-abandonado-de-las-disidencias-de-las-farc\/","title":{"rendered":"Hallan en Esmeraldas campamento abandonado de las disidencias de las FARC"},"content":{"rendered":"\n<p>Durante un reconocimiento y vigilancia en la frontera norte, las FFAA localizaron una base abandonada con pertrechos presuntamente de Grupos Irregulares Armados de Colombia, decomisando:&nbsp; colchones, tela paraguas, cocinas, camas improvisadas, ollas y vajillas.<\/p>\n\n\n\n<p>En el lugar fueron hallados cuatro improvisadas camas hechas con tablas y colchones, dos telas impermeables, un poncho, dos cocinas, ollas, vajillas y un cuaderno con apuntes de registro de las actividades de la columna m\u00f3vil que presuntamente utilizaba esa base.<\/p>\n\n\n\n<p>De acuerdo con la Gobernaci\u00f3n de Esmeraldas, la base perteneci\u00f3 a la columna m\u00f3vil Ur\u00edas Rond\u00f3n, grupo disidente de las FARC, y habr\u00eda servido de descanso para aproximadamente una docena de personas. Fuente: Ecuador en vivo<\/p>\n\n\n\n<figure class=\"wp-block-embed is-type-rich is-provider-twitter wp-block-embed-twitter\"><div class=\"wp-block-embed__wrapper\">\n<blockquote class=\"twitter-tweet\" data-width=\"550\" data-dnt=\"true\"><p lang=\"es\" dir=\"ltr\"><a href=\"https:\/\/twitter.com\/hashtag\/ESMERALDAS?src=hash&amp;ref_src=twsrc%5Etfw\">#ESMERALDAS<\/a><br>Durante un reconocimiento y vigilancia en la frontera norte, las <a href=\"https:\/\/twitter.com\/FFAAECUADOR?ref_src=twsrc%5Etfw\">@FFAAECUADOR<\/a> localizaron una base abandonada con pertrechos presuntamente de Grupos Irregulares Armados de Colombia, decomisando:  colchones, tela paraguas, cocinas, camas improvisadas, ollas y vajillas. <a href=\"https:\/\/t.co\/XZ89hL436J\">pic.twitter.com\/XZ89hL436J<\/a><\/p>&mdash; FFAAECUADOR (@FFAAECUADOR) <a href=\"https:\/\/twitter.com\/FFAAECUADOR\/status\/1550937467070697472?ref_src=twsrc%5Etfw\">July 23, 2022<\/a><\/blockquote><script async src=\"https:\/\/platform.twitter.com\/widgets.js\" charset=\"utf-8\"><\/script>\n<\/div><\/figure>\n","protected":false},"excerpt":{"rendered":"<p>Durante un reconocimiento y vigilancia en la frontera norte, las FFAA localizaron una base abandonada con pertrechos presuntamente de Grupos Irregulares Armados de Colombia, decomisando:&nbsp; colchones, tela paraguas, cocinas, camas improvisadas, ollas y vajillas. En el lugar fueron hallados cuatro improvisadas camas hechas con tablas y colchones, dos telas impermeables, un poncho, dos cocinas, ollas, vajillas y un cuaderno con apuntes de registro de las actividades de la columna m\u00f3vil que presuntamente utilizaba esa base. De acuerdo con la Gobernaci\u00f3n de Esmeraldas, la base perteneci\u00f3 a la columna m\u00f3vil Ur\u00edas Rond\u00f3n, grupo disidente de las FARC, y habr\u00eda servido de descanso para aproximadamente una docena de personas. Fuente: Ecuador en vivo<\/p>\n","protected":false},"author":1,"featured_media":5003,"comment_status":"open","ping_status":"open","sticky":false,"template":"","format":"standard","meta":{"footnotes":""},"categories":[268],"tags":[],"class_list":["post-5002","post","type-post","status-publish","format-standard","has-post-thumbnail","hentry","category-nacionales"],"_links":{"self":[{"href":"https:\/\/www.elamazonico.com\/portal\/wp-json\/wp\/v2\/posts\/5002","targetHints":{"allow":["GET"]}}],"collection":[{"href":"https:\/\/www.elamazonico.com\/portal\/wp-json\/wp\/v2\/posts"}],"about":[{"href":"https:\/\/www.elamazonico.com\/portal\/wp-json\/wp\/v2\/types\/post"}],"author":[{"embeddable":true,"href":"https:\/\/www.elamazonico.com\/portal\/wp-json\/wp\/v2\/users\/1"}],"replies":[{"embeddable":true,"href":"https:\/\/www.elamazonico.com\/portal\/wp-json\/wp\/v2\/comments?post=5002"}],"version-history":[{"count":2,"href":"https:\/\/www.elamazonico.com\/portal\/wp-json\/wp\/v2\/posts\/5002\/revisions"}],"predecessor-version":[{"id":5005,"href":"https:\/\/www.elamazonico.com\/portal\/wp-json\/wp\/v2\/posts\/5002\/revisions\/5005"}],"wp:featuredmedia":[{"embeddable":true,"href":"https:\/\/www.elamazonico.com\/portal\/wp-json\/wp\/v2\/media\/5003"}],"wp:attachment":[{"href":"https:\/\/www.elamazonico.com\/portal\/wp-json\/wp\/v2\/media?parent=5002"}],"wp:term":[{"taxonomy":"category","embeddable":true,"href":"https:\/\/www.elamazonico.com\/portal\/wp-json\/wp\/v2\/categories?post=5002"},{"taxonomy":"post_tag","embeddable":true,"href":"https:\/\/www.elamazonico.com\/portal\/wp-json\/wp\/v2\/tags?post=5002"}],"curies":[{"name":"wp","href":"https:\/\/api.w.org\/{rel}","templated":true}]}}