{"id":4996,"date":"2022-07-24T10:21:53","date_gmt":"2022-07-24T15:21:53","guid":{"rendered":"https:\/\/www.elamazonico.com\/portal\/?p=4996"},"modified":"2022-07-24T10:21:56","modified_gmt":"2022-07-24T15:21:56","slug":"ecuador-fortalece-su-presencia-en-varias-regiones-de-china-donde-los-productos-ecuatorianos-tienen-gran-presencia","status":"publish","type":"post","link":"https:\/\/www.elamazonico.com\/portal\/ecuador-fortalece-su-presencia-en-varias-regiones-de-china-donde-los-productos-ecuatorianos-tienen-gran-presencia\/","title":{"rendered":"Ecuador fortalece su presencia en varias regiones de China donde los productos ecuatorianos tienen gran presencia"},"content":{"rendered":"\n<p>El embajador Carlos Larrea y el equipo comercial de ProEcuador participaron en la Feria Occidental para nuevas inversiones e intercambio comercial con China, en la ciudad de Chongqing, para ofrecer al gigante asi\u00e1tico las posibilidades de inversi\u00f3n e intercambio comercial.<\/p>\n\n\n\n<p>Liu Hanjie, gerente del Grupo de Comercio Exterior junto al embajador &nbsp;Carlos Larrea, debatieron sobre la promoci\u00f3n de la cooperaci\u00f3n comercial exterior entre el Grupo de Econom\u00eda y Comercio Exterior de Chongqing y Ecuador.<\/p>\n\n\n\n<p>El gerente expres\u00f3 su agradecimiento al embajador por apoyar la expansi\u00f3n de los intercambios comerciales del Grupo con Ecuador y present\u00f3 la situaci\u00f3n de desarrollo de su negocio principal, la disposici\u00f3n de los mercados extranjeros y la expansi\u00f3n de los pa\u00edses en los \u00faltimos a\u00f1os, especialmente el comercio de productos a granel, y la situaci\u00f3n relacionada con el impulso de la importaci\u00f3n y exportaci\u00f3n de especialidades chinas y extranjeras \u00abcomprando el mundo y vendiendo el mundo\u00bb.<\/p>\n\n\n\n<p>Dijo que esperaba tomar la visita del embajador como una oportunidad para abrir un nuevo cap\u00edtulo en la cooperaci\u00f3n comercial y los intercambios. Ecuador que es el principal proveedor del camar\u00f3n blanco, los cultivos tropicales, los recursos minerales y otros campos e invit\u00f3 a los funcionarios chinos del Grupo de Comercio Exterior de Chongqing, ir a Ecuador &nbsp;en el futuro, para discutir e intercambiar ampliamnete el alcance de la cooperaci\u00f3n y profundizar la cooperaci\u00f3n econ\u00f3mica y comercial entre las dos partes<\/p>\n\n\n\n<p>En su intervenci\u00f3n Larrea dijo que Ecuador, ser\u00e1 sede de la Cumbre Empresarial China-LAC, a finales de 2022 en Guayaquil. \u201cMe gustar\u00eda invitarlos a viajar a mi pa\u00eds y reunirse con inversionistas, empresarios, acad\u00e9micos, medios de comunicaci\u00f3n y expertos mundiales, sobre los temas m\u00e1s innovadores relacionados con las inversiones y las asociaciones p\u00fablico-privadas\u201d dijo el diplom\u00e1tico.&nbsp;<\/p>\n\n\n\n<p>Uno de los ejes que Ecuador propone para la Cumbre, es sobre \u00abTendencias y oportunidades de comercio electr\u00f3nico transfronterizo\u00bb, ya lo mencion\u00f3 el presidente ecuatoriano, en la 14\u00aa edici\u00f3n de noviembre pasado, generar\u00e1 un importante movimiento econ\u00f3mico en la regi\u00f3n y se convertir\u00e1 en un ambiente ideal para conectar al sector privado de nuestra regi\u00f3n con los principales grupos empresariales de China. Fuente: El Tel\u00e9grafo<\/p>\n","protected":false},"excerpt":{"rendered":"<p>El embajador Carlos Larrea y el equipo comercial de ProEcuador participaron en la Feria Occidental para nuevas inversiones e intercambio comercial con China, en la ciudad de Chongqing, para ofrecer al gigante asi\u00e1tico las posibilidades de inversi\u00f3n e intercambio comercial. Liu Hanjie, gerente del Grupo de Comercio Exterior junto al embajador &nbsp;Carlos Larrea, debatieron sobre la promoci\u00f3n de la cooperaci\u00f3n comercial exterior entre el Grupo de Econom\u00eda y Comercio Exterior de Chongqing y Ecuador. El gerente expres\u00f3 su agradecimiento al embajador por apoyar la expansi\u00f3n de los intercambios comerciales del Grupo con Ecuador y present\u00f3 la situaci\u00f3n de desarrollo de su negocio principal, la disposici\u00f3n de los mercados extranjeros y la expansi\u00f3n de los pa\u00edses en los \u00faltimos a\u00f1os, especialmente el comercio de productos a granel, y la situaci\u00f3n relacionada con el impulso de la importaci\u00f3n y exportaci\u00f3n de especialidades chinas y extranjeras \u00abcomprando el mundo y vendiendo el mundo\u00bb. Dijo que esperaba tomar la visita del embajador como una oportunidad para abrir un nuevo cap\u00edtulo en la cooperaci\u00f3n comercial y los intercambios. Ecuador que es el principal proveedor del camar\u00f3n blanco, los cultivos tropicales, los recursos minerales y otros campos e invit\u00f3 a los funcionarios chinos del Grupo de Comercio Exterior de Chongqing, ir a Ecuador &nbsp;en el futuro, para discutir e intercambiar ampliamnete el alcance de la cooperaci\u00f3n y profundizar la cooperaci\u00f3n econ\u00f3mica y comercial entre las dos partes En su intervenci\u00f3n Larrea dijo que Ecuador, ser\u00e1 sede de la Cumbre Empresarial China-LAC, a finales de 2022 en Guayaquil. \u201cMe gustar\u00eda invitarlos a viajar a mi pa\u00eds y reunirse con inversionistas, empresarios, acad\u00e9micos, medios de comunicaci\u00f3n y expertos mundiales, sobre los temas m\u00e1s innovadores relacionados con las inversiones y las asociaciones p\u00fablico-privadas\u201d dijo el diplom\u00e1tico.&nbsp; Uno de los ejes que Ecuador propone para la Cumbre, es sobre \u00abTendencias y oportunidades de comercio electr\u00f3nico transfronterizo\u00bb, ya lo mencion\u00f3 el presidente ecuatoriano, en la 14\u00aa edici\u00f3n de noviembre pasado, generar\u00e1 un importante movimiento econ\u00f3mico en la regi\u00f3n y se convertir\u00e1 en un ambiente ideal para conectar al sector privado de nuestra regi\u00f3n con los principales grupos empresariales de China. Fuente: El Tel\u00e9grafo<\/p>\n","protected":false},"author":1,"featured_media":4997,"comment_status":"open","ping_status":"open","sticky":false,"template":"","format":"standard","meta":{"footnotes":""},"categories":[268],"tags":[],"class_list":["post-4996","post","type-post","status-publish","format-standard","has-post-thumbnail","hentry","category-nacionales"],"_links":{"self":[{"href":"https:\/\/www.elamazonico.com\/portal\/wp-json\/wp\/v2\/posts\/4996","targetHints":{"allow":["GET"]}}],"collection":[{"href":"https:\/\/www.elamazonico.com\/portal\/wp-json\/wp\/v2\/posts"}],"about":[{"href":"https:\/\/www.elamazonico.com\/portal\/wp-json\/wp\/v2\/types\/post"}],"author":[{"embeddable":true,"href":"https:\/\/www.elamazonico.com\/portal\/wp-json\/wp\/v2\/users\/1"}],"replies":[{"embeddable":true,"href":"https:\/\/www.elamazonico.com\/portal\/wp-json\/wp\/v2\/comments?post=4996"}],"version-history":[{"count":1,"href":"https:\/\/www.elamazonico.com\/portal\/wp-json\/wp\/v2\/posts\/4996\/revisions"}],"predecessor-version":[{"id":4998,"href":"https:\/\/www.elamazonico.com\/portal\/wp-json\/wp\/v2\/posts\/4996\/revisions\/4998"}],"wp:featuredmedia":[{"embeddable":true,"href":"https:\/\/www.elamazonico.com\/portal\/wp-json\/wp\/v2\/media\/4997"}],"wp:attachment":[{"href":"https:\/\/www.elamazonico.com\/portal\/wp-json\/wp\/v2\/media?parent=4996"}],"wp:term":[{"taxonomy":"category","embeddable":true,"href":"https:\/\/www.elamazonico.com\/portal\/wp-json\/wp\/v2\/categories?post=4996"},{"taxonomy":"post_tag","embeddable":true,"href":"https:\/\/www.elamazonico.com\/portal\/wp-json\/wp\/v2\/tags?post=4996"}],"curies":[{"name":"wp","href":"https:\/\/api.w.org\/{rel}","templated":true}]}}