{"id":4993,"date":"2022-07-24T10:16:11","date_gmt":"2022-07-24T15:16:11","guid":{"rendered":"https:\/\/www.elamazonico.com\/portal\/?p=4993"},"modified":"2022-07-24T10:16:21","modified_gmt":"2022-07-24T15:16:21","slug":"gobierno-nacional-se-muestra-comprometido-en-la-lucha-contra-la-corrupcion","status":"publish","type":"post","link":"https:\/\/www.elamazonico.com\/portal\/gobierno-nacional-se-muestra-comprometido-en-la-lucha-contra-la-corrupcion\/","title":{"rendered":"Gobierno Nacional se muestra comprometido en la lucha contra la corrupci\u00f3n"},"content":{"rendered":"\n<p>A trav\u00e9s de un comunicado de prensa enviado este viernes 22 de julio de 2022, la Presidencia de la Rep\u00fablica asegur\u00f3 que dar\u00e1 todas las facilidades a la Fiscal\u00eda General del Estado para que investigue a los funcionarios involucrados en una supuesta venta de cargos p\u00fablicos.&nbsp;<\/p>\n\n\n\n<p>La Polic\u00eda Nacional detuvo a ocho personas el jueves 21 de julio, tras una investigaci\u00f3n realizada por la Fiscal\u00eda por supuesta asociaci\u00f3n il\u00edcita en el denominado &#8216;Caso Danubio&#8217;. Los supuestos involucrados, que mantendr\u00edan presuntas conexiones con un exasesor presidencial, habr\u00edan manejado una red que ofertaba cargos en entidades p\u00fablicas como el&nbsp;Servicio Nacional de Aduana de Ecuador.&nbsp;<\/p>\n\n\n\n<p>El presidente Guillermo Lasso se mostr\u00f3 frontal en la lucha contra la corrupci\u00f3n y asegur\u00f3 que desde ninguna circunstancia se permitir\u00e1n \u00abhechos que mancillen el trabajo transparente desplegado por el Ejecutivo a favor de la ciudadan\u00eda\u00bb.<\/p>\n\n\n\n<p>La Presidencia recalc\u00f3 que ning\u00fan alto funcionario que labora actualmente en el Gobierno Nacional est\u00e1 involucrado en reparto de cargos en ministerios y otras entidades p\u00fablicas. \u00abLas personas inescrupulosas que han ofertado cargos a terceros a cambio de dinero deber\u00e1n responder ante la justicia\u00bb, se\u00f1al\u00f3 el primer mandatario, a trav\u00e9s del comunicado.<\/p>\n\n\n\n<p>El Gobierno Nacional reiter\u00f3 que la lucha contra la corrupci\u00f3n es una de sus m\u00e1ximas responsabilidades y para ello implement\u00f3 mecanismos para combatir a los delitos en el sector p\u00fablico como el C\u00f3digo de \u00c9tica, para regular el comportamiento de los funcionarios, y la creaci\u00f3n de la Secretar\u00eda de Pol\u00edtica P\u00fablica Anticorrupci\u00f3n.\u00a0 Fuente: El Tel\u00e9grafo <\/p>\n\n\n\n<figure class=\"wp-block-embed is-type-rich is-provider-twitter wp-block-embed-twitter\"><div class=\"wp-block-embed__wrapper\">\n<blockquote class=\"twitter-tweet\" data-width=\"550\" data-dnt=\"true\"><p lang=\"es\" dir=\"ltr\">COMUNICADO OFICIAL | La Secretar\u00eda General de Comunicaci\u00f3n informa: <a href=\"https:\/\/t.co\/L6GO9W0dma\">pic.twitter.com\/L6GO9W0dma<\/a><\/p>&mdash; Comunicaci\u00f3n Ecuador (@ComunicacionEc) <a href=\"https:\/\/twitter.com\/ComunicacionEc\/status\/1550615896883974147?ref_src=twsrc%5Etfw\">July 22, 2022<\/a><\/blockquote><script async src=\"https:\/\/platform.twitter.com\/widgets.js\" charset=\"utf-8\"><\/script>\n<\/div><\/figure>\n","protected":false},"excerpt":{"rendered":"<p>A trav\u00e9s de un comunicado de prensa enviado este viernes 22 de julio de 2022, la Presidencia de la Rep\u00fablica asegur\u00f3 que dar\u00e1 todas las facilidades a la Fiscal\u00eda General del Estado para que investigue a los funcionarios involucrados en una supuesta venta de cargos p\u00fablicos.&nbsp; La Polic\u00eda Nacional detuvo a ocho personas el jueves 21 de julio, tras una investigaci\u00f3n realizada por la Fiscal\u00eda por supuesta asociaci\u00f3n il\u00edcita en el denominado &#8216;Caso Danubio&#8217;. Los supuestos involucrados, que mantendr\u00edan presuntas conexiones con un exasesor presidencial, habr\u00edan manejado una red que ofertaba cargos en entidades p\u00fablicas como el&nbsp;Servicio Nacional de Aduana de Ecuador.&nbsp; El presidente Guillermo Lasso se mostr\u00f3 frontal en la lucha contra la corrupci\u00f3n y asegur\u00f3 que desde ninguna circunstancia se permitir\u00e1n \u00abhechos que mancillen el trabajo transparente desplegado por el Ejecutivo a favor de la ciudadan\u00eda\u00bb. La Presidencia recalc\u00f3 que ning\u00fan alto funcionario que labora actualmente en el Gobierno Nacional est\u00e1 involucrado en reparto de cargos en ministerios y otras entidades p\u00fablicas. \u00abLas personas inescrupulosas que han ofertado cargos a terceros a cambio de dinero deber\u00e1n responder ante la justicia\u00bb, se\u00f1al\u00f3 el primer mandatario, a trav\u00e9s del comunicado. El Gobierno Nacional reiter\u00f3 que la lucha contra la corrupci\u00f3n es una de sus m\u00e1ximas responsabilidades y para ello implement\u00f3 mecanismos para combatir a los delitos en el sector p\u00fablico como el C\u00f3digo de \u00c9tica, para regular el comportamiento de los funcionarios, y la creaci\u00f3n de la Secretar\u00eda de Pol\u00edtica P\u00fablica Anticorrupci\u00f3n.\u00a0 Fuente: El Tel\u00e9grafo<\/p>\n","protected":false},"author":1,"featured_media":4994,"comment_status":"open","ping_status":"open","sticky":false,"template":"","format":"standard","meta":{"footnotes":""},"categories":[268],"tags":[],"class_list":["post-4993","post","type-post","status-publish","format-standard","has-post-thumbnail","hentry","category-nacionales"],"_links":{"self":[{"href":"https:\/\/www.elamazonico.com\/portal\/wp-json\/wp\/v2\/posts\/4993","targetHints":{"allow":["GET"]}}],"collection":[{"href":"https:\/\/www.elamazonico.com\/portal\/wp-json\/wp\/v2\/posts"}],"about":[{"href":"https:\/\/www.elamazonico.com\/portal\/wp-json\/wp\/v2\/types\/post"}],"author":[{"embeddable":true,"href":"https:\/\/www.elamazonico.com\/portal\/wp-json\/wp\/v2\/users\/1"}],"replies":[{"embeddable":true,"href":"https:\/\/www.elamazonico.com\/portal\/wp-json\/wp\/v2\/comments?post=4993"}],"version-history":[{"count":1,"href":"https:\/\/www.elamazonico.com\/portal\/wp-json\/wp\/v2\/posts\/4993\/revisions"}],"predecessor-version":[{"id":4995,"href":"https:\/\/www.elamazonico.com\/portal\/wp-json\/wp\/v2\/posts\/4993\/revisions\/4995"}],"wp:featuredmedia":[{"embeddable":true,"href":"https:\/\/www.elamazonico.com\/portal\/wp-json\/wp\/v2\/media\/4994"}],"wp:attachment":[{"href":"https:\/\/www.elamazonico.com\/portal\/wp-json\/wp\/v2\/media?parent=4993"}],"wp:term":[{"taxonomy":"category","embeddable":true,"href":"https:\/\/www.elamazonico.com\/portal\/wp-json\/wp\/v2\/categories?post=4993"},{"taxonomy":"post_tag","embeddable":true,"href":"https:\/\/www.elamazonico.com\/portal\/wp-json\/wp\/v2\/tags?post=4993"}],"curies":[{"name":"wp","href":"https:\/\/api.w.org\/{rel}","templated":true}]}}