{"id":4983,"date":"2022-07-22T15:55:49","date_gmt":"2022-07-22T20:55:49","guid":{"rendered":"https:\/\/www.elamazonico.com\/portal\/?p=4983"},"modified":"2022-07-22T15:56:26","modified_gmt":"2022-07-22T20:56:26","slug":"ministro-carrillo-comparece-ante-la-comision-de-educacion-por-vulneracion-de-derechos-a-la-autonomia-universitaria","status":"publish","type":"post","link":"https:\/\/www.elamazonico.com\/portal\/ministro-carrillo-comparece-ante-la-comision-de-educacion-por-vulneracion-de-derechos-a-la-autonomia-universitaria\/","title":{"rendered":"Ministro Carrillo compareci\u00f3 ante la comisi\u00f3n de educaci\u00f3n por vulneraci\u00f3n de derechos a la autonom\u00eda universitaria"},"content":{"rendered":"\n<p>Durante la sesi\u00f3n Nro. 2021-2023-094 de la Asamblea Nacional como punto principal la comparecencia del ministro del Interior, Gnrl. Patricio Carrillo, ante el pleno de la Comisi\u00f3n Especializada Permanente de Educaci\u00f3n, Cultura, Ciencia, Tecnolog\u00eda y Saberes Ancestrales, con la finalidad de que explique a esta mesa legislativa la actuaci\u00f3n de la polic\u00eda nacional frente a los hechos y presuntas vulneraciones a los derechos humanos y autonom\u00eda universitaria y posible uso desproporcionado de la fuerza, suscitado en colegios y universidades durante las movilizaciones registradas desde el 13 de junio hasta el 30 de junio del 2022.<\/p>\n\n\n\n<p>La semana anterior por iniciativa de la asamble\u00edsta Isabel Enr\u00edquez, esta comisi\u00f3n aprob\u00f3 una resoluci\u00f3n en la que se resolvi\u00f3 solicitar la comparecencia del Ministro del Interior con la finalidad se digne explicar los hechos acontecidos en la movilizaci\u00f3n nacional, convocada por la CONAIE y las organizaciones sociales. En este contexto, la fuerza p\u00fablica ha violentado la autonom\u00eda universitaria y ciertos espacios de instituciones educativas.<\/p>\n\n\n\n<p>La comisi\u00f3n ha cre\u00eddo pertinente la presencia del Dr. V\u00edctor Espinoza, delegado de la Pontifica Universidad Cat\u00f3lica del Ecuador; Mauricio Chiluisa, presidente de la Federaci\u00f3n Nacional de Estudiantes Universitarios del Ecuador; Miryam Viviana Paredes, representante de los estudiantes de la FLACSO Ecuador, la presencia de la asamble\u00edsta por Loja, Luc\u00eda Plascencia.<\/p>\n\n\n\n<p>En la exposici\u00f3n del ministro del Interior, Gnrl. Patricio Carrillo, se expuso que \u201cla Polic\u00eda Nacional, no utiliz\u00f3 elementos letales en las jornadas de movilizaciones\u201d. Aduce que es una pr\u00e1ctica que la instituci\u00f3n tiene desde muchos a\u00f1os atr\u00e1s. Con base a directrices y documentos han elaborado el plan de operaciones que tiene que ver con una directiva de orden p\u00fablico, fundamentado en manuales de derechos humanos y mantenimiento del orden p\u00fablico.<\/p>\n\n\n\n<p>Insiste en que la presencia policial en esos momentos es por necesidad y acorde a lo que la norma establece y el desarrollo de las actividades, se van de acuerdo a la din\u00e1mica que se va presentando. La distinci\u00f3n fundamental es por el termino de respeto y se descontextualizan muchas de las veces y se presentan en diferentes formas a trav\u00e9s de los medios.<\/p>\n\n\n\n<p>Indica que es importante diferenciar que una cosa es<em> la<\/em> <em>acci\u00f3n colectiva como protesta social, garantizada en la constituci\u00f3n <\/em>y otra cosa muy diferente que se cree debe ser debatida <em>es<\/em> <em>la violencia sistem\u00e1tica organizada y de aquellos que enfrentan al estado y que cada vez van recibiendo mayor entrenamiento de t\u00e1ctica y t\u00e9cnica, <\/em>refiere Carrillo en su intervenci\u00f3n, dentro de la Comisi\u00f3n de Educaci\u00f3n, Cultura, Ciencia, Tecnolog\u00eda y Saberes Ancestrales. Adem\u00e1s, indica que, a la Polic\u00eda Nacional, le corresponde actuar en contra del atentado de los derechos de terceros afectados dentro de una protesta social y de la recuperaci\u00f3n del orden p\u00fablico.<\/p>\n\n\n\n<p>Juan Zapata, director general del Sistema de Seguridad Ecu 911, manifiesta en su intervenci\u00f3n, el actuar de esta instituci\u00f3n. Tienen dos funciones tanto en \u00e9poca normal como en la de crisis como la vivida en las movilizaciones; en articulaci\u00f3n de emergencias y viodevigilancia.<\/p>\n\n\n\n<p>Los resultados durante ese evento son: 7330 emergencias por manifestaciones, de las cuales el 95.4% atendidas por servicios de seguridad ciudadana. Solo el 78.5%, de estas emergencias se dieron en siete provincias de la sierra, con especial atenci\u00f3n en Pichincha, Tungurahua, Chimborazo, Cotopaxi, Imbabura y Azuay. Presencia y control de manifestaciones mediante la coordinaci\u00f3n con instituciones del estado.<\/p>\n\n\n\n<p>Seg\u00fan Zapata, hubo tres pedidos con personas afectadas con gas lacrim\u00f3geno en las inmediaciones de la Universidad Cat\u00f3lica y Salesiana, pero no en sus interiores, pone en evidencia los datos obtenidos.<\/p>\n\n\n\n<p>La Pontificia Universidad Central del Ecuador da a conocer el hecho ocurrido el 21 de junio de junio de 2022. En mencionado d\u00eda el campus universitario se encontraba cerrado. Alrededor de las 11y42, se produjeron incidentes en forma sucesiva. Un grupo de manifestantes, ingres\u00f3 al interior que provocaron desmanes entre polic\u00eda y manifestantes.<\/p>\n\n\n\n<p>El ministerio de Educaci\u00f3n en el marco de la comparecencia ante esta comisi\u00f3n, se comprometi\u00f3 mediante oficio a elaborar un informe de afectaciones al sistema educativo en el marco de las protestas iniciadas el 13 de junio del 2022.<\/p>\n\n\n\n<p>Los representantes de las universidades participantes, rechazan la represi\u00f3n que la fuerza p\u00fablica tuvo en contra de la movilizaci\u00f3n de junio. Contextualizan la antropolog\u00eda social de los pueblos y nacionalidades, pues destacan su lucha y liderazgo. Enfatizan la vulneraci\u00f3n de los derechos humanos, a trav\u00e9s de la utilizaci\u00f3n y maltrato de los diferentes predios universitarios, mismos que gozan de su exclusiva autonom\u00eda, pese a que las personas que pernotaban en dichas instituciones y donde hab\u00eda paz y tranquilidad, fueron atacadas con gas y fuerza policial.<\/p>\n\n\n\n<p><strong>RESOLUCIONES:<\/strong><\/p>\n\n\n\n<p>El presidente de la Asamblea Nacional, Virgilio Saquicela, donde hace menci\u00f3n a los hechos acaecidos durante las manifestaciones y menciona lo siguiente: \u201cLas movilizaciones no se dieron porque as\u00ed lo quisieron las organizaciones sociales. &nbsp;En Ecuador se vive una completa desigualdad, donde la pobreza, el desempleo, el abandono, principalmente las comunidades, la ruralidad, es evidente\u201d. Desde un inicio se plante\u00f3 temas \u00e1lgidos, que seg\u00fan el art. 98 de la resistencia, a trav\u00e9s de una movilizaci\u00f3n pac\u00edfica, con propuestas determinadas para solucionar problem\u00e1ticas.<\/p>\n\n\n\n<p>Isabel Enr\u00edquez \u201cse est\u00e1 corroborando la vulneraci\u00f3n de los derechos humanos a trav\u00e9s de los testimonios dados en comparecencia\u201d. Enrique pregunta a Carrillo, si se preguntaron que, dentro de las instituciones educativas, en ese momento lugares de estancia para personas que llegaron a Quito para reclamar por sus derechos.<\/p>\n\n\n\n<p>Demandan justicia por los estudiantes que exigen reparaci\u00f3n a las instalaciones y por la lucha de los pueblos ind\u00edgenas y organizaciones sociales. Por los derechos de las personas que perdieron la vida durante esta movilizaci\u00f3n.<\/p>\n\n\n\n<p>Diego Esparza \u201csomos frontales cuando nos miramos de frente con las autoridades cuando comparecen a nuestra comisi\u00f3n y tambi\u00e9n al Pleno de la Asamblea Nacional\u201d. El asamble\u00edsta por la provincia de Zamora Chinchipe, indica que ve un juego de t\u00e9rminos: repeler, reprimir, terrorismo, actos de vandalismo, actos delincuenciales, zonas de paz, infiltrados, y que son ambiguos, pero lo que el pueblo ecuatoriano quiere respuestas y responsabilidad frente a los efectos adversos que dejo esta lucha. Se debe implementar pol\u00edticas publicas consecuentes con las necesidades del pa\u00eds y que la Polic\u00eda Nacional debe capacitarse en humanismo.<\/p>\n\n\n\n<p>En respuesta, el ministro del Interior rescata la capacidad que tiene esta cartera de estado y la acci\u00f3n pol\u00edtica que le corresponde en la construcci\u00f3n de pol\u00edticas, entendidas como el conjunto de acciones que pretenden cambiar una realidad social. Y la conducci\u00f3n operativa que la manejan los mandos policiales para lo cual se han preparado y por ello, planifica, analizan y ejecutan sobre la base de las directrices y las normas.<\/p>\n\n\n\n<p>Para concluir la moci\u00f3n inicial propuesta por Isabel Enr\u00edquez, asamble\u00edsta por la provincia de Zamora Chinchipe fue aprobada, con 6 votos a favor, 3 abstenciones y 0 votos en contra. <\/p>\n","protected":false},"excerpt":{"rendered":"<p>Durante la sesi\u00f3n Nro. 2021-2023-094 de la Asamblea Nacional como punto principal la comparecencia del ministro del Interior, Gnrl. Patricio Carrillo, ante el pleno de la Comisi\u00f3n Especializada Permanente de Educaci\u00f3n, Cultura, Ciencia, Tecnolog\u00eda y Saberes Ancestrales, con la finalidad de que explique a esta mesa legislativa la actuaci\u00f3n de la polic\u00eda nacional frente a los hechos y presuntas vulneraciones a los derechos humanos y autonom\u00eda universitaria y posible uso desproporcionado de la fuerza, suscitado en colegios y universidades durante las movilizaciones registradas desde el 13 de junio hasta el 30 de junio del 2022. La semana anterior por iniciativa de la asamble\u00edsta Isabel Enr\u00edquez, esta comisi\u00f3n aprob\u00f3 una resoluci\u00f3n en la que se resolvi\u00f3 solicitar la comparecencia del Ministro del Interior con la finalidad se digne explicar los hechos acontecidos en la movilizaci\u00f3n nacional, convocada por la CONAIE y las organizaciones sociales. En este contexto, la fuerza p\u00fablica ha violentado la autonom\u00eda universitaria y ciertos espacios de instituciones educativas. La comisi\u00f3n ha cre\u00eddo pertinente la presencia del Dr. V\u00edctor Espinoza, delegado de la Pontifica Universidad Cat\u00f3lica del Ecuador; Mauricio Chiluisa, presidente de la Federaci\u00f3n Nacional de Estudiantes Universitarios del Ecuador; Miryam Viviana Paredes, representante de los estudiantes de la FLACSO Ecuador, la presencia de la asamble\u00edsta por Loja, Luc\u00eda Plascencia. En la exposici\u00f3n del ministro del Interior, Gnrl. Patricio Carrillo, se expuso que \u201cla Polic\u00eda Nacional, no utiliz\u00f3 elementos letales en las jornadas de movilizaciones\u201d. Aduce que es una pr\u00e1ctica que la instituci\u00f3n tiene desde muchos a\u00f1os atr\u00e1s. Con base a directrices y documentos han elaborado el plan de operaciones que tiene que ver con una directiva de orden p\u00fablico, fundamentado en manuales de derechos humanos y mantenimiento del orden p\u00fablico. Insiste en que la presencia policial en esos momentos es por necesidad y acorde a lo que la norma establece y el desarrollo de las actividades, se van de acuerdo a la din\u00e1mica que se va presentando. La distinci\u00f3n fundamental es por el termino de respeto y se descontextualizan muchas de las veces y se presentan en diferentes formas a trav\u00e9s de los medios. Indica que es importante diferenciar que una cosa es la acci\u00f3n colectiva como protesta social, garantizada en la constituci\u00f3n y otra cosa muy diferente que se cree debe ser debatida es la violencia sistem\u00e1tica organizada y de aquellos que enfrentan al estado y que cada vez van recibiendo mayor entrenamiento de t\u00e1ctica y t\u00e9cnica, refiere Carrillo en su intervenci\u00f3n, dentro de la Comisi\u00f3n de Educaci\u00f3n, Cultura, Ciencia, Tecnolog\u00eda y Saberes Ancestrales. Adem\u00e1s, indica que, a la Polic\u00eda Nacional, le corresponde actuar en contra del atentado de los derechos de terceros afectados dentro de una protesta social y de la recuperaci\u00f3n del orden p\u00fablico. Juan Zapata, director general del Sistema de Seguridad Ecu 911, manifiesta en su intervenci\u00f3n, el actuar de esta instituci\u00f3n. Tienen dos funciones tanto en \u00e9poca normal como en la de crisis como la vivida en las movilizaciones; en articulaci\u00f3n de emergencias y viodevigilancia. Los resultados durante ese evento son: 7330 emergencias por manifestaciones, de las cuales el 95.4% atendidas por servicios de seguridad ciudadana. Solo el 78.5%, de estas emergencias se dieron en siete provincias de la sierra, con especial atenci\u00f3n en Pichincha, Tungurahua, Chimborazo, Cotopaxi, Imbabura y Azuay. Presencia y control de manifestaciones mediante la coordinaci\u00f3n con instituciones del estado. Seg\u00fan Zapata, hubo tres pedidos con personas afectadas con gas lacrim\u00f3geno en las inmediaciones de la Universidad Cat\u00f3lica y Salesiana, pero no en sus interiores, pone en evidencia los datos obtenidos. La Pontificia Universidad Central del Ecuador da a conocer el hecho ocurrido el 21 de junio de junio de 2022. En mencionado d\u00eda el campus universitario se encontraba cerrado. Alrededor de las 11y42, se produjeron incidentes en forma sucesiva. Un grupo de manifestantes, ingres\u00f3 al interior que provocaron desmanes entre polic\u00eda y manifestantes. El ministerio de Educaci\u00f3n en el marco de la comparecencia ante esta comisi\u00f3n, se comprometi\u00f3 mediante oficio a elaborar un informe de afectaciones al sistema educativo en el marco de las protestas iniciadas el 13 de junio del 2022. Los representantes de las universidades participantes, rechazan la represi\u00f3n que la fuerza p\u00fablica tuvo en contra de la movilizaci\u00f3n de junio. Contextualizan la antropolog\u00eda social de los pueblos y nacionalidades, pues destacan su lucha y liderazgo. Enfatizan la vulneraci\u00f3n de los derechos humanos, a trav\u00e9s de la utilizaci\u00f3n y maltrato de los diferentes predios universitarios, mismos que gozan de su exclusiva autonom\u00eda, pese a que las personas que pernotaban en dichas instituciones y donde hab\u00eda paz y tranquilidad, fueron atacadas con gas y fuerza policial. RESOLUCIONES: El presidente de la Asamblea Nacional, Virgilio Saquicela, donde hace menci\u00f3n a los hechos acaecidos durante las manifestaciones y menciona lo siguiente: \u201cLas movilizaciones no se dieron porque as\u00ed lo quisieron las organizaciones sociales. &nbsp;En Ecuador se vive una completa desigualdad, donde la pobreza, el desempleo, el abandono, principalmente las comunidades, la ruralidad, es evidente\u201d. Desde un inicio se plante\u00f3 temas \u00e1lgidos, que seg\u00fan el art. 98 de la resistencia, a trav\u00e9s de una movilizaci\u00f3n pac\u00edfica, con propuestas determinadas para solucionar problem\u00e1ticas. Isabel Enr\u00edquez \u201cse est\u00e1 corroborando la vulneraci\u00f3n de los derechos humanos a trav\u00e9s de los testimonios dados en comparecencia\u201d. Enrique pregunta a Carrillo, si se preguntaron que, dentro de las instituciones educativas, en ese momento lugares de estancia para personas que llegaron a Quito para reclamar por sus derechos. Demandan justicia por los estudiantes que exigen reparaci\u00f3n a las instalaciones y por la lucha de los pueblos ind\u00edgenas y organizaciones sociales. Por los derechos de las personas que perdieron la vida durante esta movilizaci\u00f3n. Diego Esparza \u201csomos frontales cuando nos miramos de frente con las autoridades cuando comparecen a nuestra comisi\u00f3n y tambi\u00e9n al Pleno de la Asamblea Nacional\u201d. El asamble\u00edsta por la provincia de Zamora Chinchipe, indica que ve un juego de t\u00e9rminos: repeler, reprimir, terrorismo, actos de vandalismo, actos delincuenciales, zonas de paz, infiltrados, y que son ambiguos, pero lo que el pueblo ecuatoriano quiere respuestas y responsabilidad frente a los efectos adversos que dejo esta<\/p>\n","protected":false},"author":1,"featured_media":4984,"comment_status":"open","ping_status":"open","sticky":false,"template":"","format":"standard","meta":{"footnotes":""},"categories":[243],"tags":[],"class_list":["post-4983","post","type-post","status-publish","format-standard","has-post-thumbnail","hentry","category-noticias-zamora"],"_links":{"self":[{"href":"https:\/\/www.elamazonico.com\/portal\/wp-json\/wp\/v2\/posts\/4983","targetHints":{"allow":["GET"]}}],"collection":[{"href":"https:\/\/www.elamazonico.com\/portal\/wp-json\/wp\/v2\/posts"}],"about":[{"href":"https:\/\/www.elamazonico.com\/portal\/wp-json\/wp\/v2\/types\/post"}],"author":[{"embeddable":true,"href":"https:\/\/www.elamazonico.com\/portal\/wp-json\/wp\/v2\/users\/1"}],"replies":[{"embeddable":true,"href":"https:\/\/www.elamazonico.com\/portal\/wp-json\/wp\/v2\/comments?post=4983"}],"version-history":[{"count":2,"href":"https:\/\/www.elamazonico.com\/portal\/wp-json\/wp\/v2\/posts\/4983\/revisions"}],"predecessor-version":[{"id":4986,"href":"https:\/\/www.elamazonico.com\/portal\/wp-json\/wp\/v2\/posts\/4983\/revisions\/4986"}],"wp:featuredmedia":[{"embeddable":true,"href":"https:\/\/www.elamazonico.com\/portal\/wp-json\/wp\/v2\/media\/4984"}],"wp:attachment":[{"href":"https:\/\/www.elamazonico.com\/portal\/wp-json\/wp\/v2\/media?parent=4983"}],"wp:term":[{"taxonomy":"category","embeddable":true,"href":"https:\/\/www.elamazonico.com\/portal\/wp-json\/wp\/v2\/categories?post=4983"},{"taxonomy":"post_tag","embeddable":true,"href":"https:\/\/www.elamazonico.com\/portal\/wp-json\/wp\/v2\/tags?post=4983"}],"curies":[{"name":"wp","href":"https:\/\/api.w.org\/{rel}","templated":true}]}}