{"id":4977,"date":"2022-07-22T11:39:39","date_gmt":"2022-07-22T16:39:39","guid":{"rendered":"https:\/\/www.elamazonico.com\/portal\/?p=4977"},"modified":"2022-07-22T11:41:13","modified_gmt":"2022-07-22T16:41:13","slug":"familia-de-yantzatza-pide-ayuda-para-recuperar-su-trailer-robado-en-quevedo","status":"publish","type":"post","link":"https:\/\/www.elamazonico.com\/portal\/familia-de-yantzatza-pide-ayuda-para-recuperar-su-trailer-robado-en-quevedo\/","title":{"rendered":"Desde el 14 de julio no recibe apoyo por parte de autoridades para localizar su tr\u00e1iler que fue robado en Quevedo"},"content":{"rendered":"\n<p>El tr\u00e1iler de placas PCW-3832 que fue robado el pasado 14 de julio en Quevedo, de propiedad de una familia del cant\u00f3n Yantzatza, clama por ayuda para localizar el veh\u00edculo y tambi\u00e9n para poner su integridad a resguardo, pues han sido v\u00edctimas de extorsi\u00f3n. Pese a que la familia afectada ya ha realizado los tr\u00e1mites pertinentes para que se proceda con la investigaci\u00f3n para dar con el paradero del veh\u00edculo, no han tenido respuestas positivas por parte de las autoridades.<\/p>\n\n\n\n<p>Los minutos que pasen son cruciales para evitar que los antisociales desmantelen el veh\u00edculo y la familia pierda las esperanzas de recuperar su patrimonio y el esfuerzo de muchos a\u00f1os. La propietaria explica lo siguiente: \u201cHemos hablado con todas las autoridades y no tenemos respuesta por parte de ninguna autoridad competente, solo nos piden paciencia y que tenemos que esperar\u201d, menciona con respecto a su impotencia por no recibir informaci\u00f3n.<\/p>\n\n\n\n<p>La ciudadana da a conocer los tr\u00e1mites que son necesarios, pero que tarda mucho tiene en recibir contestaciones, adem\u00e1s manifiesta que est\u00e1n siendo extorsionados mediante llamadas telef\u00f3nicas, pero que lamentablemente las autoridades no les est\u00e1n ayudando con el tr\u00e1mite \u00e1gil para proceder legalmente a buscar indicios y pistas que les pueda llevar al paradero del tr\u00e1iler. Mediante fotograf\u00edas de cada miembro de la familia, est\u00e1n infundiendo temor, las mismas sin haber sido publicadas o expuestas en redes sociales.<\/p>\n","protected":false},"excerpt":{"rendered":"<p>El tr\u00e1iler de placas PCW-3832 que fue robado el pasado 14 de julio en Quevedo, de propiedad de una familia del cant\u00f3n Yantzatza, clama por ayuda para localizar el veh\u00edculo y tambi\u00e9n para poner su integridad a resguardo, pues han sido v\u00edctimas de extorsi\u00f3n. Pese a que la familia afectada ya ha realizado los tr\u00e1mites pertinentes para que se proceda con la investigaci\u00f3n para dar con el paradero del veh\u00edculo, no han tenido respuestas positivas por parte de las autoridades. Los minutos que pasen son cruciales para evitar que los antisociales desmantelen el veh\u00edculo y la familia pierda las esperanzas de recuperar su patrimonio y el esfuerzo de muchos a\u00f1os. La propietaria explica lo siguiente: \u201cHemos hablado con todas las autoridades y no tenemos respuesta por parte de ninguna autoridad competente, solo nos piden paciencia y que tenemos que esperar\u201d, menciona con respecto a su impotencia por no recibir informaci\u00f3n. La ciudadana da a conocer los tr\u00e1mites que son necesarios, pero que tarda mucho tiene en recibir contestaciones, adem\u00e1s manifiesta que est\u00e1n siendo extorsionados mediante llamadas telef\u00f3nicas, pero que lamentablemente las autoridades no les est\u00e1n ayudando con el tr\u00e1mite \u00e1gil para proceder legalmente a buscar indicios y pistas que les pueda llevar al paradero del tr\u00e1iler. Mediante fotograf\u00edas de cada miembro de la familia, est\u00e1n infundiendo temor, las mismas sin haber sido publicadas o expuestas en redes sociales.<\/p>\n","protected":false},"author":1,"featured_media":4978,"comment_status":"open","ping_status":"open","sticky":false,"template":"","format":"standard","meta":{"footnotes":""},"categories":[243],"tags":[],"class_list":["post-4977","post","type-post","status-publish","format-standard","has-post-thumbnail","hentry","category-noticias-zamora"],"_links":{"self":[{"href":"https:\/\/www.elamazonico.com\/portal\/wp-json\/wp\/v2\/posts\/4977","targetHints":{"allow":["GET"]}}],"collection":[{"href":"https:\/\/www.elamazonico.com\/portal\/wp-json\/wp\/v2\/posts"}],"about":[{"href":"https:\/\/www.elamazonico.com\/portal\/wp-json\/wp\/v2\/types\/post"}],"author":[{"embeddable":true,"href":"https:\/\/www.elamazonico.com\/portal\/wp-json\/wp\/v2\/users\/1"}],"replies":[{"embeddable":true,"href":"https:\/\/www.elamazonico.com\/portal\/wp-json\/wp\/v2\/comments?post=4977"}],"version-history":[{"count":2,"href":"https:\/\/www.elamazonico.com\/portal\/wp-json\/wp\/v2\/posts\/4977\/revisions"}],"predecessor-version":[{"id":4981,"href":"https:\/\/www.elamazonico.com\/portal\/wp-json\/wp\/v2\/posts\/4977\/revisions\/4981"}],"wp:featuredmedia":[{"embeddable":true,"href":"https:\/\/www.elamazonico.com\/portal\/wp-json\/wp\/v2\/media\/4978"}],"wp:attachment":[{"href":"https:\/\/www.elamazonico.com\/portal\/wp-json\/wp\/v2\/media?parent=4977"}],"wp:term":[{"taxonomy":"category","embeddable":true,"href":"https:\/\/www.elamazonico.com\/portal\/wp-json\/wp\/v2\/categories?post=4977"},{"taxonomy":"post_tag","embeddable":true,"href":"https:\/\/www.elamazonico.com\/portal\/wp-json\/wp\/v2\/tags?post=4977"}],"curies":[{"name":"wp","href":"https:\/\/api.w.org\/{rel}","templated":true}]}}