{"id":4974,"date":"2022-07-22T10:24:00","date_gmt":"2022-07-22T15:24:00","guid":{"rendered":"https:\/\/www.elamazonico.com\/portal\/?p=4974"},"modified":"2022-07-22T10:24:08","modified_gmt":"2022-07-22T15:24:08","slug":"ministro-del-ambiente-cumplio-actividades-en-macara","status":"publish","type":"post","link":"https:\/\/www.elamazonico.com\/portal\/ministro-del-ambiente-cumplio-actividades-en-macara\/","title":{"rendered":"Ministro del ambiente cumpli\u00f3 actividades en Macar\u00e1"},"content":{"rendered":"\n<p>Gustavo Manrique Miranda, actual ministro del Ambiente y Agua cumpli\u00f3 actividades en la provincia de Loja, con la finalidad de tratar temas de los recursos h\u00eddricos y permisos ambientales entorno al sector minero dentro del cant\u00f3n Macar\u00e1. Ya en el lugar, la ciudadan\u00eda y el alcalde Alfredo Suquilanda Valdivieso, le manifestaron su preocupaci\u00f3n por la actividad que realizan algunas concesionarias mineras y que han provocado efectos negativos al l\u00edquido vital que se proporciona en ese cant\u00f3n. En el sector de Mataderos, lugar donde nace la captaci\u00f3n del agua que, seg\u00fan su alcalde est\u00e1 afectando la salud de los moradores de la parte fronteriza del Ecuador.<\/p>\n\n\n\n<p>El alcalde Suquilanda enfatiza en el deseo de lucha por que se derogue y se deje sin vigencia la concesi\u00f3n minera y para ello le manifestaron al ministro del Ambiente y Agua, con la finalidad de que realice informes negativos, que no sean factibles. La primera autoridad municipal hace hincapi\u00e9 en inminente destrucci\u00f3n de la ecolog\u00eda, de las plantas, la contaminaci\u00f3n del agua con ac\u00e9tico, con plomo, y otros elementos biol\u00f3gicos.<\/p>\n\n\n\n<p>Por su parte el ministro de esta cartera de estado, manifest\u00f3 su compromiso para realizar las gestiones necesarias ante la cartera de miner\u00eda para que conjuntamente y luego de un minucioso estudio determinar una resoluci\u00f3n definitiva frente a este tema que preocupa a quienes habitan en esta parte del territorio nacional.<\/p>\n\n\n\n<p>&nbsp;\u201cAnalizaremos esto con toda la seriedad del caso, pero yo no me puedo comprometer aqu\u00ed al frente a tomar una decisi\u00f3n de revocar una concesi\u00f3n minera, porque no es competencia de este ministerio de estado, sino del de Miner\u00eda\u201d.<\/p>\n\n\n\n<p>&nbsp;Pero realizar\u00e1 estudios a profundidad de manera inmediata y dar una respuesta en las pr\u00f3ximas dos o tres semanas m\u00e1ximo, con una postura definitiva. En conjunto con el Ministerio de Minas, Javier Vera, plantear la problem\u00e1tica y tomar la mejor decisi\u00f3n en beneficio del cant\u00f3n, provincia, pa\u00eds y parte del Per\u00fa.<\/p>\n\n\n\n<p>Por su parte la asamble\u00edsta por la provincia de Loja, Luc\u00eda Placencia y vicepresidenta de la Comisi\u00f3n de Seguridad Alimentaria, se\u00f1al\u00f3 que en la reuni\u00f3n mantenida el 6 de julio, hubo el compromiso del ministro de visitar Macar\u00e1 para conocer de cerca la situaci\u00f3n real y conocer el \u00e1rea h\u00eddrica, misma que ser\u00eda afectada en el sector de Mataderos, dando como resultado la fiscalizaci\u00f3n de atender estas demandas ciudadanas.<\/p>\n\n\n\n<p>\u201cCumplo con atender las necesidades ante diversas demandas ciudadanas. Hemos tenido conocimiento de lo que est\u00e1 sucediendo en el sector de Mataderos e hicimos part\u00edcipes de algunos informes que ya est\u00e1n en su despacho para que tomen cartas en el asunto\u201d, concluyo la legisladora.<\/p>\n","protected":false},"excerpt":{"rendered":"<p>Gustavo Manrique Miranda, actual ministro del Ambiente y Agua cumpli\u00f3 actividades en la provincia de Loja, con la finalidad de tratar temas de los recursos h\u00eddricos y permisos ambientales entorno al sector minero dentro del cant\u00f3n Macar\u00e1. Ya en el lugar, la ciudadan\u00eda y el alcalde Alfredo Suquilanda Valdivieso, le manifestaron su preocupaci\u00f3n por la actividad que realizan algunas concesionarias mineras y que han provocado efectos negativos al l\u00edquido vital que se proporciona en ese cant\u00f3n. En el sector de Mataderos, lugar donde nace la captaci\u00f3n del agua que, seg\u00fan su alcalde est\u00e1 afectando la salud de los moradores de la parte fronteriza del Ecuador. El alcalde Suquilanda enfatiza en el deseo de lucha por que se derogue y se deje sin vigencia la concesi\u00f3n minera y para ello le manifestaron al ministro del Ambiente y Agua, con la finalidad de que realice informes negativos, que no sean factibles. La primera autoridad municipal hace hincapi\u00e9 en inminente destrucci\u00f3n de la ecolog\u00eda, de las plantas, la contaminaci\u00f3n del agua con ac\u00e9tico, con plomo, y otros elementos biol\u00f3gicos. Por su parte el ministro de esta cartera de estado, manifest\u00f3 su compromiso para realizar las gestiones necesarias ante la cartera de miner\u00eda para que conjuntamente y luego de un minucioso estudio determinar una resoluci\u00f3n definitiva frente a este tema que preocupa a quienes habitan en esta parte del territorio nacional. &nbsp;\u201cAnalizaremos esto con toda la seriedad del caso, pero yo no me puedo comprometer aqu\u00ed al frente a tomar una decisi\u00f3n de revocar una concesi\u00f3n minera, porque no es competencia de este ministerio de estado, sino del de Miner\u00eda\u201d. &nbsp;Pero realizar\u00e1 estudios a profundidad de manera inmediata y dar una respuesta en las pr\u00f3ximas dos o tres semanas m\u00e1ximo, con una postura definitiva. En conjunto con el Ministerio de Minas, Javier Vera, plantear la problem\u00e1tica y tomar la mejor decisi\u00f3n en beneficio del cant\u00f3n, provincia, pa\u00eds y parte del Per\u00fa. Por su parte la asamble\u00edsta por la provincia de Loja, Luc\u00eda Placencia y vicepresidenta de la Comisi\u00f3n de Seguridad Alimentaria, se\u00f1al\u00f3 que en la reuni\u00f3n mantenida el 6 de julio, hubo el compromiso del ministro de visitar Macar\u00e1 para conocer de cerca la situaci\u00f3n real y conocer el \u00e1rea h\u00eddrica, misma que ser\u00eda afectada en el sector de Mataderos, dando como resultado la fiscalizaci\u00f3n de atender estas demandas ciudadanas. \u201cCumplo con atender las necesidades ante diversas demandas ciudadanas. Hemos tenido conocimiento de lo que est\u00e1 sucediendo en el sector de Mataderos e hicimos part\u00edcipes de algunos informes que ya est\u00e1n en su despacho para que tomen cartas en el asunto\u201d, concluyo la legisladora.<\/p>\n","protected":false},"author":1,"featured_media":4975,"comment_status":"open","ping_status":"open","sticky":false,"template":"","format":"standard","meta":{"footnotes":""},"categories":[268],"tags":[],"class_list":["post-4974","post","type-post","status-publish","format-standard","has-post-thumbnail","hentry","category-nacionales"],"_links":{"self":[{"href":"https:\/\/www.elamazonico.com\/portal\/wp-json\/wp\/v2\/posts\/4974","targetHints":{"allow":["GET"]}}],"collection":[{"href":"https:\/\/www.elamazonico.com\/portal\/wp-json\/wp\/v2\/posts"}],"about":[{"href":"https:\/\/www.elamazonico.com\/portal\/wp-json\/wp\/v2\/types\/post"}],"author":[{"embeddable":true,"href":"https:\/\/www.elamazonico.com\/portal\/wp-json\/wp\/v2\/users\/1"}],"replies":[{"embeddable":true,"href":"https:\/\/www.elamazonico.com\/portal\/wp-json\/wp\/v2\/comments?post=4974"}],"version-history":[{"count":1,"href":"https:\/\/www.elamazonico.com\/portal\/wp-json\/wp\/v2\/posts\/4974\/revisions"}],"predecessor-version":[{"id":4976,"href":"https:\/\/www.elamazonico.com\/portal\/wp-json\/wp\/v2\/posts\/4974\/revisions\/4976"}],"wp:featuredmedia":[{"embeddable":true,"href":"https:\/\/www.elamazonico.com\/portal\/wp-json\/wp\/v2\/media\/4975"}],"wp:attachment":[{"href":"https:\/\/www.elamazonico.com\/portal\/wp-json\/wp\/v2\/media?parent=4974"}],"wp:term":[{"taxonomy":"category","embeddable":true,"href":"https:\/\/www.elamazonico.com\/portal\/wp-json\/wp\/v2\/categories?post=4974"},{"taxonomy":"post_tag","embeddable":true,"href":"https:\/\/www.elamazonico.com\/portal\/wp-json\/wp\/v2\/tags?post=4974"}],"curies":[{"name":"wp","href":"https:\/\/api.w.org\/{rel}","templated":true}]}}