{"id":4968,"date":"2022-07-22T08:04:12","date_gmt":"2022-07-22T13:04:12","guid":{"rendered":"https:\/\/www.elamazonico.com\/portal\/?p=4968"},"modified":"2022-07-22T08:04:22","modified_gmt":"2022-07-22T13:04:22","slug":"juez-que-otorgo-el-habeas-corpus-a-jorge-glas-fue-destituido","status":"publish","type":"post","link":"https:\/\/www.elamazonico.com\/portal\/juez-que-otorgo-el-habeas-corpus-a-jorge-glas-fue-destituido\/","title":{"rendered":"Juez que otorg\u00f3 el habeas corpus a Jorge Glas fue destituido"},"content":{"rendered":"\n<p>Dar\u00edo Javier Moscoso fue destituido de su cargo como juez de Manglaralto (Santa Elena), este jueves 21 de julio del 2022, por decisi\u00f3n del&nbsp;Pleno del Consejo de la Judicatura. Este funcionario fue quien otorg\u00f3 el habeas corpus a Jorge Glas, que le permiti\u00f3 salir de la c\u00e1rcel de Latacunga.&nbsp;<\/p>\n\n\n\n<p>El ente judicial justific\u00f3 que se lo destituy\u00f3 \u00abpor&nbsp;haber incurrido en la infracci\u00f3n grav\u00edsima de manifiesta negligencia\u00bb. Esto, en referencia a este recurso que otorg\u00f3 al exvicepresidente de la Rep\u00fablica el pasado 10 de abril del 2022.<\/p>\n\n\n\n<p>Desde el pasado 26 de marzo, el exjuez fue\u00a0suspendido de su cargo por 90 d\u00edas, sin sueldo. La Judicatura tom\u00f3 esa decisi\u00f3n mientras se desarrollaba el proceso disciplinario.\u00a0Fuente: Ecuador en Vivo<\/p>\n","protected":false},"excerpt":{"rendered":"<p>Dar\u00edo Javier Moscoso fue destituido de su cargo como juez de Manglaralto (Santa Elena), este jueves 21 de julio del 2022, por decisi\u00f3n del&nbsp;Pleno del Consejo de la Judicatura. Este funcionario fue quien otorg\u00f3 el habeas corpus a Jorge Glas, que le permiti\u00f3 salir de la c\u00e1rcel de Latacunga.&nbsp; El ente judicial justific\u00f3 que se lo destituy\u00f3 \u00abpor&nbsp;haber incurrido en la infracci\u00f3n grav\u00edsima de manifiesta negligencia\u00bb. Esto, en referencia a este recurso que otorg\u00f3 al exvicepresidente de la Rep\u00fablica el pasado 10 de abril del 2022. Desde el pasado 26 de marzo, el exjuez fue\u00a0suspendido de su cargo por 90 d\u00edas, sin sueldo. La Judicatura tom\u00f3 esa decisi\u00f3n mientras se desarrollaba el proceso disciplinario.\u00a0Fuente: Ecuador en Vivo<\/p>\n","protected":false},"author":1,"featured_media":4969,"comment_status":"open","ping_status":"open","sticky":false,"template":"","format":"standard","meta":{"footnotes":""},"categories":[268],"tags":[],"class_list":["post-4968","post","type-post","status-publish","format-standard","has-post-thumbnail","hentry","category-nacionales"],"_links":{"self":[{"href":"https:\/\/www.elamazonico.com\/portal\/wp-json\/wp\/v2\/posts\/4968","targetHints":{"allow":["GET"]}}],"collection":[{"href":"https:\/\/www.elamazonico.com\/portal\/wp-json\/wp\/v2\/posts"}],"about":[{"href":"https:\/\/www.elamazonico.com\/portal\/wp-json\/wp\/v2\/types\/post"}],"author":[{"embeddable":true,"href":"https:\/\/www.elamazonico.com\/portal\/wp-json\/wp\/v2\/users\/1"}],"replies":[{"embeddable":true,"href":"https:\/\/www.elamazonico.com\/portal\/wp-json\/wp\/v2\/comments?post=4968"}],"version-history":[{"count":1,"href":"https:\/\/www.elamazonico.com\/portal\/wp-json\/wp\/v2\/posts\/4968\/revisions"}],"predecessor-version":[{"id":4970,"href":"https:\/\/www.elamazonico.com\/portal\/wp-json\/wp\/v2\/posts\/4968\/revisions\/4970"}],"wp:featuredmedia":[{"embeddable":true,"href":"https:\/\/www.elamazonico.com\/portal\/wp-json\/wp\/v2\/media\/4969"}],"wp:attachment":[{"href":"https:\/\/www.elamazonico.com\/portal\/wp-json\/wp\/v2\/media?parent=4968"}],"wp:term":[{"taxonomy":"category","embeddable":true,"href":"https:\/\/www.elamazonico.com\/portal\/wp-json\/wp\/v2\/categories?post=4968"},{"taxonomy":"post_tag","embeddable":true,"href":"https:\/\/www.elamazonico.com\/portal\/wp-json\/wp\/v2\/tags?post=4968"}],"curies":[{"name":"wp","href":"https:\/\/api.w.org\/{rel}","templated":true}]}}