{"id":4965,"date":"2022-07-22T08:01:55","date_gmt":"2022-07-22T13:01:55","guid":{"rendered":"https:\/\/www.elamazonico.com\/portal\/?p=4965"},"modified":"2022-07-22T08:02:03","modified_gmt":"2022-07-22T13:02:03","slug":"gobierno-rechaza-proyecto-de-ley-de-comunicacion-y-lo-califica-de-ley-mordaza","status":"publish","type":"post","link":"https:\/\/www.elamazonico.com\/portal\/gobierno-rechaza-proyecto-de-ley-de-comunicacion-y-lo-califica-de-ley-mordaza\/","title":{"rendered":"Gobierno rechaza Proyecto de Ley de Comunicaci\u00f3n y lo califica de &#8216;Ley Mordaza&#8217;"},"content":{"rendered":"\n<p>El presidente Guillermo Lasso calific\u00f3 como &#8216;Ley Mordaza&#8217; al informe de minor\u00eda aprobado la tarde de este jueves 21 de julio de 2022 en la Asamblea Nacional, en relaci\u00f3n al&nbsp;Proyecto de Ley Org\u00e1nica para la Garant\u00eda, Promoci\u00f3n y Protecci\u00f3n de la Libertad de Prensa, de Opini\u00f3n, de Expresi\u00f3n y de la Comunicaci\u00f3n.&nbsp;<\/p>\n\n\n\n<p>El proyecto, que reformar\u00e1 la&nbsp;Ley Org\u00e1nica de Comunicaci\u00f3n vigente, fue aprobado 75 votos de los legisladores , tras el rechazo previo al informe de mayor\u00eda, que era respaldado por el Ejecutivo.<\/p>\n\n\n\n<p>El mandatario, a trav\u00e9s de un comunicado enviado por la Secretar\u00eda de Comunicaci\u00f3n de la Presidencia, se\u00f1al\u00f3 que el proyecto \u00abintenta restringir nuevamente la libertad de expresi\u00f3n y proporcionar mecanismos de persecuci\u00f3n\u00bb.<\/p>\n\n\n\n<p>El presidente evaluar\u00e1 acciones pertinentes cuando la reformada Ley de Comunicaci\u00f3n sea enviada al Ejecutivo. El primer mandatario tendr\u00e1 30 d\u00edas para emitir un veto. Fuente: Ecuador en Vivo<\/p>\n","protected":false},"excerpt":{"rendered":"<p>El presidente Guillermo Lasso calific\u00f3 como &#8216;Ley Mordaza&#8217; al informe de minor\u00eda aprobado la tarde de este jueves 21 de julio de 2022 en la Asamblea Nacional, en relaci\u00f3n al&nbsp;Proyecto de Ley Org\u00e1nica para la Garant\u00eda, Promoci\u00f3n y Protecci\u00f3n de la Libertad de Prensa, de Opini\u00f3n, de Expresi\u00f3n y de la Comunicaci\u00f3n.&nbsp; El proyecto, que reformar\u00e1 la&nbsp;Ley Org\u00e1nica de Comunicaci\u00f3n vigente, fue aprobado 75 votos de los legisladores , tras el rechazo previo al informe de mayor\u00eda, que era respaldado por el Ejecutivo. El mandatario, a trav\u00e9s de un comunicado enviado por la Secretar\u00eda de Comunicaci\u00f3n de la Presidencia, se\u00f1al\u00f3 que el proyecto \u00abintenta restringir nuevamente la libertad de expresi\u00f3n y proporcionar mecanismos de persecuci\u00f3n\u00bb. El presidente evaluar\u00e1 acciones pertinentes cuando la reformada Ley de Comunicaci\u00f3n sea enviada al Ejecutivo. El primer mandatario tendr\u00e1 30 d\u00edas para emitir un veto. Fuente: Ecuador en Vivo<\/p>\n","protected":false},"author":1,"featured_media":4966,"comment_status":"open","ping_status":"open","sticky":false,"template":"","format":"standard","meta":{"footnotes":""},"categories":[268],"tags":[],"class_list":["post-4965","post","type-post","status-publish","format-standard","has-post-thumbnail","hentry","category-nacionales"],"_links":{"self":[{"href":"https:\/\/www.elamazonico.com\/portal\/wp-json\/wp\/v2\/posts\/4965","targetHints":{"allow":["GET"]}}],"collection":[{"href":"https:\/\/www.elamazonico.com\/portal\/wp-json\/wp\/v2\/posts"}],"about":[{"href":"https:\/\/www.elamazonico.com\/portal\/wp-json\/wp\/v2\/types\/post"}],"author":[{"embeddable":true,"href":"https:\/\/www.elamazonico.com\/portal\/wp-json\/wp\/v2\/users\/1"}],"replies":[{"embeddable":true,"href":"https:\/\/www.elamazonico.com\/portal\/wp-json\/wp\/v2\/comments?post=4965"}],"version-history":[{"count":1,"href":"https:\/\/www.elamazonico.com\/portal\/wp-json\/wp\/v2\/posts\/4965\/revisions"}],"predecessor-version":[{"id":4967,"href":"https:\/\/www.elamazonico.com\/portal\/wp-json\/wp\/v2\/posts\/4965\/revisions\/4967"}],"wp:featuredmedia":[{"embeddable":true,"href":"https:\/\/www.elamazonico.com\/portal\/wp-json\/wp\/v2\/media\/4966"}],"wp:attachment":[{"href":"https:\/\/www.elamazonico.com\/portal\/wp-json\/wp\/v2\/media?parent=4965"}],"wp:term":[{"taxonomy":"category","embeddable":true,"href":"https:\/\/www.elamazonico.com\/portal\/wp-json\/wp\/v2\/categories?post=4965"},{"taxonomy":"post_tag","embeddable":true,"href":"https:\/\/www.elamazonico.com\/portal\/wp-json\/wp\/v2\/tags?post=4965"}],"curies":[{"name":"wp","href":"https:\/\/api.w.org\/{rel}","templated":true}]}}