{"id":4961,"date":"2022-07-22T07:53:16","date_gmt":"2022-07-22T12:53:16","guid":{"rendered":"https:\/\/www.elamazonico.com\/portal\/?p=4961"},"modified":"2022-07-22T07:54:12","modified_gmt":"2022-07-22T12:54:12","slug":"unes-y-pachakutik-piden-juicio-politico-contra-patricio-carrillo","status":"publish","type":"post","link":"https:\/\/www.elamazonico.com\/portal\/unes-y-pachakutik-piden-juicio-politico-contra-patricio-carrillo\/","title":{"rendered":"UNES y Pachakutik piden juicio pol\u00edtico contra Patricio Carrillo"},"content":{"rendered":"\n<p>Por el presunto incumplimiento de funciones durante el paro nacional, los asamble\u00edstas Jhajaira Urresta (UNES) y Peter Calo (Pachakutik) oficializaron el pedido de juicio pol\u00edtico en contra del ministro del Interior, Patricio Carrillo. <\/p>\n\n\n\n<p>Con 57 firmas de respaldo, los proponentes Jahaira Urresta (Unes) y Peter Calo (PK) solicitaron que Carrillo sea interpelado por supuesto incumplimiento de funciones por la actuaci\u00f3n de la Polic\u00eda Nacional en las protestas de junio.<\/p>\n\n\n\n<p>\u201cHa habido un abuso de la fuerza, la vulneraci\u00f3n de los derechos en la jornada de resistencia\u201d, adujo Calo.<\/p>\n\n\n\n<p>Esta solicitud se presenta un d\u00eda despu\u00e9s de que el funcionario compareci\u00f3 ante la Comisi\u00f3n de Justicia donde los asamble\u00edstas de la mesa le exigieron que demuestre la supuesta financiaci\u00f3n del narcotr\u00e1fico a las movilizaciones. Ah\u00ed el Ministro del Interior neg\u00f3 haber mencionado aquella acusaci\u00f3n y que m\u00e1s bien se ha pedido a los movimientos sociales que transparenten c\u00f3mo fue la ayuda que recibieron: \u201cEl comportamiento vand\u00e1lico y delictual es el que se debe investigar\u201d. Fuente: Ecuador en Vivo<\/p>\n","protected":false},"excerpt":{"rendered":"<p>Por el presunto incumplimiento de funciones durante el paro nacional, los asamble\u00edstas Jhajaira Urresta (UNES) y Peter Calo (Pachakutik) oficializaron el pedido de juicio pol\u00edtico en contra del ministro del Interior, Patricio Carrillo. Con 57 firmas de respaldo, los proponentes Jahaira Urresta (Unes) y Peter Calo (PK) solicitaron que Carrillo sea interpelado por supuesto incumplimiento de funciones por la actuaci\u00f3n de la Polic\u00eda Nacional en las protestas de junio. \u201cHa habido un abuso de la fuerza, la vulneraci\u00f3n de los derechos en la jornada de resistencia\u201d, adujo Calo. Esta solicitud se presenta un d\u00eda despu\u00e9s de que el funcionario compareci\u00f3 ante la Comisi\u00f3n de Justicia donde los asamble\u00edstas de la mesa le exigieron que demuestre la supuesta financiaci\u00f3n del narcotr\u00e1fico a las movilizaciones. Ah\u00ed el Ministro del Interior neg\u00f3 haber mencionado aquella acusaci\u00f3n y que m\u00e1s bien se ha pedido a los movimientos sociales que transparenten c\u00f3mo fue la ayuda que recibieron: \u201cEl comportamiento vand\u00e1lico y delictual es el que se debe investigar\u201d. Fuente: Ecuador en Vivo<\/p>\n","protected":false},"author":1,"featured_media":4962,"comment_status":"open","ping_status":"open","sticky":false,"template":"","format":"standard","meta":{"footnotes":""},"categories":[268],"tags":[],"class_list":["post-4961","post","type-post","status-publish","format-standard","has-post-thumbnail","hentry","category-nacionales"],"_links":{"self":[{"href":"https:\/\/www.elamazonico.com\/portal\/wp-json\/wp\/v2\/posts\/4961","targetHints":{"allow":["GET"]}}],"collection":[{"href":"https:\/\/www.elamazonico.com\/portal\/wp-json\/wp\/v2\/posts"}],"about":[{"href":"https:\/\/www.elamazonico.com\/portal\/wp-json\/wp\/v2\/types\/post"}],"author":[{"embeddable":true,"href":"https:\/\/www.elamazonico.com\/portal\/wp-json\/wp\/v2\/users\/1"}],"replies":[{"embeddable":true,"href":"https:\/\/www.elamazonico.com\/portal\/wp-json\/wp\/v2\/comments?post=4961"}],"version-history":[{"count":2,"href":"https:\/\/www.elamazonico.com\/portal\/wp-json\/wp\/v2\/posts\/4961\/revisions"}],"predecessor-version":[{"id":4964,"href":"https:\/\/www.elamazonico.com\/portal\/wp-json\/wp\/v2\/posts\/4961\/revisions\/4964"}],"wp:featuredmedia":[{"embeddable":true,"href":"https:\/\/www.elamazonico.com\/portal\/wp-json\/wp\/v2\/media\/4962"}],"wp:attachment":[{"href":"https:\/\/www.elamazonico.com\/portal\/wp-json\/wp\/v2\/media?parent=4961"}],"wp:term":[{"taxonomy":"category","embeddable":true,"href":"https:\/\/www.elamazonico.com\/portal\/wp-json\/wp\/v2\/categories?post=4961"},{"taxonomy":"post_tag","embeddable":true,"href":"https:\/\/www.elamazonico.com\/portal\/wp-json\/wp\/v2\/tags?post=4961"}],"curies":[{"name":"wp","href":"https:\/\/api.w.org\/{rel}","templated":true}]}}