{"id":4958,"date":"2022-07-22T07:08:37","date_gmt":"2022-07-22T12:08:37","guid":{"rendered":"https:\/\/www.elamazonico.com\/portal\/?p=4958"},"modified":"2022-07-22T07:09:12","modified_gmt":"2022-07-22T12:09:12","slug":"marcela-holguin-y-darwin-pereira-nuevos-vicepresidentes-de-la-asamblea","status":"publish","type":"post","link":"https:\/\/www.elamazonico.com\/portal\/marcela-holguin-y-darwin-pereira-nuevos-vicepresidentes-de-la-asamblea\/","title":{"rendered":"Marcela Holgu\u00edn y Darwin Pereira, nuevos vicepresidentes de la Asamblea"},"content":{"rendered":"\n<p>El Pleno de la Asamblea Nacional, con 90 votos afirmativos de 135 asamble\u00edstas presentes, eligi\u00f3 a la asamble\u00edsta Marcela Holgu\u00edn (UNES) como primera vicepresidenta.<\/p>\n\n\n\n<p>La moci\u00f3n fue presentada por el asamble\u00edsta Pabel Mu\u00f1oz, quien antes de presentar la propuesta indic\u00f3 que la Asamblea est\u00e1 \u00abrestituyendo las bases democr\u00e1ticas y re-encausando su manejo y debatiendo los temas que son de inter\u00e9s para el pa\u00eds.\u00bb<\/p>\n\n\n\n<p>En su discurso, adem\u00e1s, destac\u00f3 que los parlamentarios deben entenderse como \u201cadversarios pol\u00edticos y no como enemigos\u201d.<\/p>\n\n\n\n<p>En un breve discurso, la nueva primera vicepresidenta del Legislativo indic\u00f3 que la \u00fanica forma de contribuir con el pa\u00eds es \u00absin rendirse.\u00bb Sostuvo que \u201ctrabajar\u00e1n por los m\u00e1s olvidados, por quienes menos tienen, por las personas con discapacidad, por quienes no tienen empleo, por las mujeres, y por los grupos sociales m\u00e1s vulnerables. Se\u00f1al\u00f3 que exigir\u00e1n transparencia y verdad para que no exista impunidad.<\/p>\n\n\n\n<p>Posteriormente, con votos 93 votos afirmativos el legislador Darwin Pereira (PK rebelde) alcanz\u00f3 la segunda vicepresidencia de la Asamblea Nacional. La moci\u00f3n fue presentada por su compa\u00f1era Patricia S\u00e1nchez, quien indic\u00f3 que: \u201c\u00e9l garantizar\u00e1 la autonom\u00eda de la Asamblea que durante el primer a\u00f1o no la ha tenido y asegurar\u00e1 el equilibrio de poderes para una real democracia\u201d.<\/p>\n\n\n\n<p>Cumplido el proceso de votaci\u00f3n, el titular de la Legislatura, Virgilio Saquicela, posesion\u00f3 a los nuevos dignatarios del Parlamento.<\/p>\n\n\n\n<p>El segundo vicepresidente de la Asamblea fue subcoordinador Nacional del movimiento Pachakutik, actualmente es el secretario nacional. Tras rendir el juramento de rigor,\u00a0 agradeci\u00f3 primero a Dios y a todos los bloques legislativos, a quienes votaron y a quienes no votaron por \u00e9l. Pidi\u00f3 a la Divina Providencia le d\u00e9 sabidur\u00eda para hacer bien lo que se tiene que hacer de hoy en adelante. \u201cHoy privilegiamos la Asamblea, hoy privilegiamos el bien del pa\u00eds por encima de nuestras diferencias; los invito a cerrar este cap\u00edtulo oscuro que vivi\u00f3 la Legislatura\u201d, dijo. Fuente: Ecuador  en Vivo<\/p>\n","protected":false},"excerpt":{"rendered":"<p>El Pleno de la Asamblea Nacional, con 90 votos afirmativos de 135 asamble\u00edstas presentes, eligi\u00f3 a la asamble\u00edsta Marcela Holgu\u00edn (UNES) como primera vicepresidenta. La moci\u00f3n fue presentada por el asamble\u00edsta Pabel Mu\u00f1oz, quien antes de presentar la propuesta indic\u00f3 que la Asamblea est\u00e1 \u00abrestituyendo las bases democr\u00e1ticas y re-encausando su manejo y debatiendo los temas que son de inter\u00e9s para el pa\u00eds.\u00bb En su discurso, adem\u00e1s, destac\u00f3 que los parlamentarios deben entenderse como \u201cadversarios pol\u00edticos y no como enemigos\u201d. En un breve discurso, la nueva primera vicepresidenta del Legislativo indic\u00f3 que la \u00fanica forma de contribuir con el pa\u00eds es \u00absin rendirse.\u00bb Sostuvo que \u201ctrabajar\u00e1n por los m\u00e1s olvidados, por quienes menos tienen, por las personas con discapacidad, por quienes no tienen empleo, por las mujeres, y por los grupos sociales m\u00e1s vulnerables. Se\u00f1al\u00f3 que exigir\u00e1n transparencia y verdad para que no exista impunidad. Posteriormente, con votos 93 votos afirmativos el legislador Darwin Pereira (PK rebelde) alcanz\u00f3 la segunda vicepresidencia de la Asamblea Nacional. La moci\u00f3n fue presentada por su compa\u00f1era Patricia S\u00e1nchez, quien indic\u00f3 que: \u201c\u00e9l garantizar\u00e1 la autonom\u00eda de la Asamblea que durante el primer a\u00f1o no la ha tenido y asegurar\u00e1 el equilibrio de poderes para una real democracia\u201d. Cumplido el proceso de votaci\u00f3n, el titular de la Legislatura, Virgilio Saquicela, posesion\u00f3 a los nuevos dignatarios del Parlamento. El segundo vicepresidente de la Asamblea fue subcoordinador Nacional del movimiento Pachakutik, actualmente es el secretario nacional. Tras rendir el juramento de rigor,\u00a0 agradeci\u00f3 primero a Dios y a todos los bloques legislativos, a quienes votaron y a quienes no votaron por \u00e9l. Pidi\u00f3 a la Divina Providencia le d\u00e9 sabidur\u00eda para hacer bien lo que se tiene que hacer de hoy en adelante. \u201cHoy privilegiamos la Asamblea, hoy privilegiamos el bien del pa\u00eds por encima de nuestras diferencias; los invito a cerrar este cap\u00edtulo oscuro que vivi\u00f3 la Legislatura\u201d, dijo. Fuente: Ecuador en Vivo<\/p>\n","protected":false},"author":1,"featured_media":4959,"comment_status":"open","ping_status":"open","sticky":false,"template":"","format":"standard","meta":{"footnotes":""},"categories":[268],"tags":[],"class_list":["post-4958","post","type-post","status-publish","format-standard","has-post-thumbnail","hentry","category-nacionales"],"_links":{"self":[{"href":"https:\/\/www.elamazonico.com\/portal\/wp-json\/wp\/v2\/posts\/4958","targetHints":{"allow":["GET"]}}],"collection":[{"href":"https:\/\/www.elamazonico.com\/portal\/wp-json\/wp\/v2\/posts"}],"about":[{"href":"https:\/\/www.elamazonico.com\/portal\/wp-json\/wp\/v2\/types\/post"}],"author":[{"embeddable":true,"href":"https:\/\/www.elamazonico.com\/portal\/wp-json\/wp\/v2\/users\/1"}],"replies":[{"embeddable":true,"href":"https:\/\/www.elamazonico.com\/portal\/wp-json\/wp\/v2\/comments?post=4958"}],"version-history":[{"count":1,"href":"https:\/\/www.elamazonico.com\/portal\/wp-json\/wp\/v2\/posts\/4958\/revisions"}],"predecessor-version":[{"id":4960,"href":"https:\/\/www.elamazonico.com\/portal\/wp-json\/wp\/v2\/posts\/4958\/revisions\/4960"}],"wp:featuredmedia":[{"embeddable":true,"href":"https:\/\/www.elamazonico.com\/portal\/wp-json\/wp\/v2\/media\/4959"}],"wp:attachment":[{"href":"https:\/\/www.elamazonico.com\/portal\/wp-json\/wp\/v2\/media?parent=4958"}],"wp:term":[{"taxonomy":"category","embeddable":true,"href":"https:\/\/www.elamazonico.com\/portal\/wp-json\/wp\/v2\/categories?post=4958"},{"taxonomy":"post_tag","embeddable":true,"href":"https:\/\/www.elamazonico.com\/portal\/wp-json\/wp\/v2\/tags?post=4958"}],"curies":[{"name":"wp","href":"https:\/\/api.w.org\/{rel}","templated":true}]}}